{"id":32,"date":"2026-01-19T08:49:07","date_gmt":"2026-01-19T08:49:07","guid":{"rendered":"https:\/\/www.site-annonce.fr\/mag\/veste-gore-tex-arcteryx-reconditionnee-performance-et-durabilite-au-meilleur-prix\/"},"modified":"2026-01-19T08:49:07","modified_gmt":"2026-01-19T08:49:07","slug":"veste-gore-tex-arcteryx-reconditionnee-performance-et-durabilite-au-meilleur-prix","status":"publish","type":"post","link":"https:\/\/www.site-annonce.fr\/mag\/veste-gore-tex-arcteryx-reconditionnee-performance-et-durabilite-au-meilleur-prix\/","title":{"rendered":"Veste gore-tex arc\u2019teryx reconditionn\u00e9e : performance et durabilit\u00e9 au meilleur prix"},"content":{"rendered":"<p>La qu\u00eate d\u2019une veste polyvalente, r\u00e9sistante aux intemp\u00e9ries et respectueuse de l\u2019environnement devient une priorit\u00e9 pour de nombreux passionn\u00e9s d\u2019activit\u00e9s outdoor en 2026. La veste gore-tex arc\u2019teryx reconditionn\u00e9e s\u2019impose ainsi comme un choix judicieux, alliant technologie de pointe, durabilit\u00e9 et accessibilit\u00e9 financi\u00e8re. Ce mod\u00e8le embl\u00e9matique, fabriqu\u00e9 dans des mat\u00e9riaux haut de gamme, b\u00e9n\u00e9ficie d\u2019un traitement reconditionn\u00e9 rigoureux qui garantit une seconde vie \u00e0 ses performances techniques exceptionnelles. \u00c0 travers cet article, nous explorons les raisons pour lesquelles cette veste s\u00e9duit autant les alpinistes, randonneurs et aventuriers urbains, tout en sensibilisant \u00e0 un mode de consommation plus responsable.<\/p>\n\n<p>Les performances de la technologie gore-tex combin\u00e9e \u00e0 la renomm\u00e9e d\u2019arc\u2019teryx assurent une protection optimale contre la pluie, le vent et le froid, tout en conservant un poids l\u00e9ger id\u00e9al pour les efforts prolong\u00e9s. Son tissu respirant et imperm\u00e9able vous garde au sec m\u00eame lors des conditions m\u00e9t\u00e9orologiques les plus exigeantes, un atout pr\u00e9cieux pour les sportifs de montagne ou les amateurs de trekking en milieu naturel. En optant pour un mod\u00e8le reconditionn\u00e9, les utilisateurs profitent du meilleur prix sans compromis sur les qualit\u00e9s techniques, tout en participant \u00e0 la r\u00e9duction de l\u2019empreinte \u00e9cologique li\u00e9e \u00e0 la production textile. Ce choix s\u2019inscrit dans une tendance o\u00f9 l\u2019\u00e9coresponsabilit\u00e9 prend une place centrale dans l\u2019univers de la mode outdoor, motivant des pratiques durables et une consommation plus raisonn\u00e9e.<\/p>\n\n<p>L\u2019expertise d\u2019arc\u2019teryx dans la conception de vestes outdoor a fait ses preuves depuis des ann\u00e9es, notamment avec la gamme Beta AR, une r\u00e9f\u00e9rence pour les passionn\u00e9s de montagne. Les vestes reconditionn\u00e9es rencontrent un succ\u00e8s grandissant gr\u00e2ce \u00e0 des contr\u00f4les de qualit\u00e9 stricts et aux garanties apport\u00e9es par des sp\u00e9cialistes du reconditionnement. Elles repr\u00e9sentent ainsi une alternative s\u00e9rieuse et valorisante pour ceux qui cherchent \u00e0 investir dans un \u00e9quipement haut de gamme \u00e0 moindre co\u00fbt. D\u00e9couvrons ensemble les atouts majeurs de la veste gore-tex arc\u2019teryx reconditionn\u00e9e, son fonctionnement, ses caract\u00e9ristiques, ainsi que des conseils pratiques pour bien la choisir dans le march\u00e9 de l\u2019occasion.<\/p>\n\n<script type=\"application\/ld+json\">{\"@context\":\"https:\\\/\\\/schema.org\",\"@type\":\"Product\",\"name\":\"GOREWEAR R3 Partial GORE-TEX INFINIUM\\u2122 Veste\",\"aggregateRating\":{\"ratingValue\":0,\"reviewCount\":0}}<\/script>\n<div class=\"amazon-products\" data-template=\"grid_3x\">\n<div class=\"amazon-product\">\n<div class=\"amazon-product-content\">\n<div class=\"amazon-product-thumbnail\">\n<img decoding=\"async\" src=\"https:\/\/m.media-amazon.com\/images\/I\/71pRbvbgBuL._AC_UL320_.jpg\" alt=\"GOREWEAR R3 Partial GORE-TEX INFINIUM\u2122 Veste\">\n<\/div>\n<div class=\"amazon-product-title\">GOREWEAR R3 Partial GORE-TEX INFINIUM\u2122 Veste<\/div>\n<div class=\"amazon-product-price\">84\u20ac<\/div>\n<\/div>\n<div class=\"amazon-product-button\">\n<a href=\"https:\/\/www.amazon.fr\/dp\/B000W16FP6\" target=\"_blank\" rel=\"nofollow\">\n<svg xmlns=\"http:\/\/www.w3.org\/2000\/svg\" viewBox=\"0 0 24 24\" fill=\"none\" stroke=\"currentColor\" stroke-width=\"2\" stroke-linecap=\"round\" stroke-linejoin=\"round\" ><circle cx=\"8\" cy=\"21\" r=\"1\"\/><circle cx=\"19\" cy=\"21\" r=\"1\"\/><path d=\"M2.05 2.05h2l2.66 12.42a2 2 0 0 0 2 1.58h9.78a2 2 0 0 0 1.95-1.57l1.65-7.43H5.12\"\/><\/svg>\n<\/a>\n<\/div>\n<\/div>\n<div class=\"amazon-product\">\n<div class=\"amazon-product-content\">\n<div class=\"amazon-product-thumbnail\">\n<img decoding=\"async\" src=\"https:\/\/m.media-amazon.com\/images\/I\/51u4dlVuQZL._AC_UL320_.jpg\" alt=\"Veste Seneca Gore-TEX 2L Homme\">\n<\/div>\n<div class=\"amazon-product-title\">Veste Seneca Gore-TEX 2L Homme<\/div>\n<div class=\"amazon-product-price\">203\u20ac<\/div>\n<\/div>\n<div class=\"amazon-product-button\">\n<a href=\"https:\/\/www.amazon.fr\/dp\/B0DHKT7C12\" target=\"_blank\" rel=\"nofollow\">\n<svg xmlns=\"http:\/\/www.w3.org\/2000\/svg\" viewBox=\"0 0 24 24\" fill=\"none\" stroke=\"currentColor\" stroke-width=\"2\" stroke-linecap=\"round\" stroke-linejoin=\"round\" ><circle cx=\"8\" cy=\"21\" r=\"1\"\/><circle cx=\"19\" cy=\"21\" r=\"1\"\/><path d=\"M2.05 2.05h2l2.66 12.42a2 2 0 0 0 2 1.58h9.78a2 2 0 0 0 1.95-1.57l1.65-7.43H5.12\"\/><\/svg>\n<\/a>\n<\/div>\n<\/div>\n<div class=\"amazon-product\">\n<div class=\"amazon-product-content\">\n<div class=\"amazon-product-thumbnail\">\n<img decoding=\"async\" src=\"https:\/\/m.media-amazon.com\/images\/I\/71u-lIyB7UL._AC_UL320_.jpg\" alt=\"GOREWEAR C3 GORE-TEX INFINIUM\u2122 Thermo Veste\">\n<\/div>\n<div class=\"amazon-product-title\">GOREWEAR C3 GORE-TEX INFINIUM\u2122 Thermo Veste<\/div>\n<div class=\"amazon-product-price\">73\u20ac<\/div>\n<\/div>\n<div class=\"amazon-product-button\">\n<a href=\"https:\/\/www.amazon.fr\/dp\/B082YDWKCR\" target=\"_blank\" rel=\"nofollow\">\n<svg xmlns=\"http:\/\/www.w3.org\/2000\/svg\" viewBox=\"0 0 24 24\" fill=\"none\" stroke=\"currentColor\" stroke-width=\"2\" stroke-linecap=\"round\" stroke-linejoin=\"round\" ><circle cx=\"8\" cy=\"21\" r=\"1\"\/><circle cx=\"19\" cy=\"21\" r=\"1\"\/><path d=\"M2.05 2.05h2l2.66 12.42a2 2 0 0 0 2 1.58h9.78a2 2 0 0 0 1.95-1.57l1.65-7.43H5.12\"\/><\/svg>\n<\/a>\n<\/div>\n<\/div>\n<div class=\"amazon-product\">\n<div class=\"amazon-product-content\">\n<div class=\"amazon-product-thumbnail\">\n<img decoding=\"async\" src=\"https:\/\/m.media-amazon.com\/images\/I\/91jXF+79x2L._AC_UL320_.jpg\" alt=\"GOREWEAR C5 GORE-TEX INFINIUM\u2122 Thermo Veste\">\n<\/div>\n<div class=\"amazon-product-title\">GOREWEAR C5 GORE-TEX INFINIUM\u2122 Thermo Veste<\/div>\n<div class=\"amazon-product-price\">88\u20ac<\/div>\n<\/div>\n<div class=\"amazon-product-button\">\n<a href=\"https:\/\/www.amazon.fr\/dp\/B082YDD25W\" target=\"_blank\" rel=\"nofollow\">\n<svg xmlns=\"http:\/\/www.w3.org\/2000\/svg\" viewBox=\"0 0 24 24\" fill=\"none\" stroke=\"currentColor\" stroke-width=\"2\" stroke-linecap=\"round\" stroke-linejoin=\"round\" ><circle cx=\"8\" cy=\"21\" r=\"1\"\/><circle cx=\"19\" cy=\"21\" r=\"1\"\/><path d=\"M2.05 2.05h2l2.66 12.42a2 2 0 0 0 2 1.58h9.78a2 2 0 0 0 1.95-1.57l1.65-7.43H5.12\"\/><\/svg>\n<\/a>\n<\/div>\n<\/div>\n<div class=\"amazon-product\">\n<div class=\"amazon-product-content\">\n<div class=\"amazon-product-thumbnail\">\n<img decoding=\"async\" src=\"https:\/\/m.media-amazon.com\/images\/I\/51P0oYvXUoL._AC_UL320_.jpg\" alt=\"Fitz Roy Jkt M Jacket Homme\">\n<\/div>\n<div class=\"amazon-product-title\">Fitz Roy Jkt M Jacket Homme<\/div>\n<div class=\"amazon-product-price\">100\u20ac<\/div>\n<\/div>\n<div class=\"amazon-product-button\">\n<a href=\"https:\/\/www.amazon.fr\/dp\/B0D5RHBB1N\" target=\"_blank\" rel=\"nofollow\">\n<svg xmlns=\"http:\/\/www.w3.org\/2000\/svg\" viewBox=\"0 0 24 24\" fill=\"none\" stroke=\"currentColor\" stroke-width=\"2\" stroke-linecap=\"round\" stroke-linejoin=\"round\" ><circle cx=\"8\" cy=\"21\" r=\"1\"\/><circle cx=\"19\" cy=\"21\" r=\"1\"\/><path d=\"M2.05 2.05h2l2.66 12.42a2 2 0 0 0 2 1.58h9.78a2 2 0 0 0 1.95-1.57l1.65-7.43H5.12\"\/><\/svg>\n<\/a>\n<\/div>\n<\/div>\n<div class=\"amazon-product\">\n<div class=\"amazon-product-content\">\n<div class=\"amazon-product-thumbnail\">\n<img decoding=\"async\" src=\"https:\/\/m.media-amazon.com\/images\/I\/61r-UKePRqL._AC_UL320_.jpg\" alt=\"Veste Watertight II pour Homme\">\n<\/div>\n<div class=\"amazon-product-title\">Veste Watertight II pour Homme<\/div>\n<div class=\"amazon-product-price\">59\u20ac<\/div>\n<\/div>\n<div class=\"amazon-product-button\">\n<a href=\"https:\/\/www.amazon.fr\/dp\/B0CN3VT9BC\" target=\"_blank\" rel=\"nofollow\">\n<svg xmlns=\"http:\/\/www.w3.org\/2000\/svg\" viewBox=\"0 0 24 24\" fill=\"none\" stroke=\"currentColor\" stroke-width=\"2\" stroke-linecap=\"round\" stroke-linejoin=\"round\" ><circle cx=\"8\" cy=\"21\" r=\"1\"\/><circle cx=\"19\" cy=\"21\" r=\"1\"\/><path d=\"M2.05 2.05h2l2.66 12.42a2 2 0 0 0 2 1.58h9.78a2 2 0 0 0 1.95-1.57l1.65-7.43H5.12\"\/><\/svg>\n<\/a>\n<\/div>\n<\/div>\n<\/div>\n\n\n<h2 class=\"wp-block-heading\">Performance technique : Pourquoi la veste gore-tex arc\u2019teryx reste un must en 2026<\/h2>\n\n<p>La r\u00e9putation de la veste gore-tex arc\u2019teryx repose avant tout sur son incroyable performance dans des conditions extr\u00eames. Con\u00e7ue pour les pratiquants exigeants d\u2019activit\u00e9s outdoor, elle combine l\u00e9g\u00e8ret\u00e9, respirabilit\u00e9 et imperm\u00e9abilit\u00e9 de haut niveau. Le tissu GORE-TEX Pro utilis\u00e9 dans la Beta AR d\u2019arc\u2019teryx, notamment, est reconnu pour sa membrane innovante qui prot\u00e8ge efficacement contre la pluie et le vent, tout en \u00e9vacuant la transpiration. Cela garantit un confort thermique sans \u00e9gal lors d\u2019efforts intenses en alpinisme, ski de randonn\u00e9e ou trekking hivernal.<\/p>\n\n<p>L\u2019avantage principal de cette veste tient dans son triple couche GORE-TEX Pro N80d, offrant une robustesse remarquable face \u00e0 l\u2019abrasion, indispensable lors d\u2019escalades ou passages sur terrains rocailleux. Le traitement d\u00e9perlant durable (DWR) renforce l\u2019imperm\u00e9abilit\u00e9 en faisant perler l\u2019eau, \u00e9vitant ainsi que le tissu soit satur\u00e9 et perde son efficacit\u00e9 protectrice. Cette technologie est compl\u00e9t\u00e9e par des coutures \u00e9tanches et des fermetures \u00e9clair RS (Rain Shield), limitant les infiltrations d\u2019eau m\u00eame sous fortes pluies.<\/p>\n\n<p>La Beta AR se distingue aussi par sa capuche DropHood compatible casque, ajustable d\u2019une seule main, et son col montant qui enveloppe parfaitement le cou. Des zips de ventilation sous les bras permettent une gestion intelligente de la temp\u00e9rature, \u00e9vitant la surchauffe lors des phases d\u2019effort intense. Les poignets r\u00e9glables limitent l\u2019entr\u00e9e de l\u2019air et contribuent \u00e0 la protection contre les \u00e9l\u00e9ments.<\/p>\n\n<p>Arc\u2019teryx, en collaboration \u00e9troite avec GORE-TEX, continue d\u2019affiner ses membranes et tissus pour maintenir une valeur s\u00fbre dans l\u2019univers outdoor. La veste Beta AR est ainsi pl\u00e9biscit\u00e9e par des professionnels comme par des amateurs pour sa technicit\u00e9 et sa fiabilit\u00e9. Vous pouvez retrouver plus d\u2019informations et d\u00e9couvrir la gamme compl\u00e8te directement sur la <a href=\"https:\/\/arcteryx.com\/fr\/fr\/shop\/mens\/beta-ar-jacket-9906\">page officielle d\u2019arc\u2019teryx Beta AR<\/a>.<\/p>\n\n<figure class=\"wp-block-image size-full\"><img loading=\"lazy\" decoding=\"async\" width=\"1200\" height=\"627\" src=\"https:\/\/www.site-annonce.fr\/mag\/wp-content\/uploads\/2026\/01\/gore-tex-jacket-1.jpg\" alt=\"d\u00e9couvrez notre veste gore-tex, alliant imperm\u00e9abilit\u00e9, respirabilit\u00e9 et confort pour vous prot\u00e9ger dans toutes les conditions m\u00e9t\u00e9orologiques.\" class=\"wp-image-31\" srcset=\"https:\/\/www.site-annonce.fr\/mag\/wp-content\/uploads\/2026\/01\/gore-tex-jacket-1.jpg 1200w, https:\/\/www.site-annonce.fr\/mag\/wp-content\/uploads\/2026\/01\/gore-tex-jacket-1-300x157.jpg 300w, https:\/\/www.site-annonce.fr\/mag\/wp-content\/uploads\/2026\/01\/gore-tex-jacket-1-1024x535.jpg 1024w, https:\/\/www.site-annonce.fr\/mag\/wp-content\/uploads\/2026\/01\/gore-tex-jacket-1-768x401.jpg 768w\" sizes=\"auto, (max-width: 1200px) 100vw, 1200px\" \/><\/figure>\n\n<h2 class=\"wp-block-heading\">Durabilit\u00e9 et \u00e9coresponsabilit\u00e9 : les atouts majeurs du reconditionnement<\/h2>\n\n<p>En pleine transition \u00e9cologique, le march\u00e9 de la seconde main et du reconditionn\u00e9 gagne en popularit\u00e9, notamment pour des produits techniques comme la veste gore-tex arc\u2019teryx. Le processus de reconditionnement appliqu\u00e9 \u00e0 ces vestes permet de leur offrir une nouvelle vie tout en conservant leurs sp\u00e9cificit\u00e9s techniques. Chaque veste subit un contr\u00f4le minutieux, comprenant la v\u00e9rification de l\u2019imperm\u00e9abilit\u00e9, de la solidit\u00e9 des coutures, de l\u2019\u00e9tat des fermetures \u00e9clair ainsi que du traitement DWR. Ce soin garantit que la performance restera optimale apr\u00e8s un usage correctif ou une remise en \u00e9tat.<\/p>\n\n<p>Adopter une veste reconditionn\u00e9e, c\u2019est aussi r\u00e9duire consid\u00e9rablement l\u2019impact environnemental li\u00e9 \u00e0 la production textile, tr\u00e8s gourmande en eau, \u00e9nergie et ressources. Les produits reconditionn\u00e9s minimisent les d\u00e9chets et \u00e9vitent la surconsommation, en offrant une alternative \u00e9coresponsable pour les amateurs d\u2019outdoor. Le choix de cette veste s\u2019inscrit donc dans une d\u00e9marche engag\u00e9e qui rejoint les valeurs d\u2019arc\u2019teryx, elle-m\u00eame certifi\u00e9e Bluesign pour ses proc\u00e9d\u00e9s responsables. Cette certification t\u00e9moigne du respect de normes environnementales et sociales strictes dans la fabrication et le traitement des mat\u00e9riaux.<\/p>\n\n<p>Le reconditionnement chez arc\u2019teryx est \u00e9galement une opportunit\u00e9 pour les passionn\u00e9s d\u2019acqu\u00e9rir une veste haut de gamme \u00e0 un prix plus accessible, souvent avec une garantie ou un \u00e9change si n\u00e9cessaire. Cela permet \u00e0 un plus grand nombre de profiter des b\u00e9n\u00e9fices d\u2019une veste technique et durable sans sacrifier leurs convictions \u00e9coresponsables. Pour compl\u00e9ter ce choix, plusieurs boutiques sp\u00e9cialis\u00e9es en ligne, comme <a href=\"https:\/\/www.leboncoin.fr\/ck\/vetements\/veste-arcteryx\">leboncoin<\/a> ou <a href=\"https:\/\/graduatestore.fr\/fr\/276_arc-teryx\">Graduate Store<\/a>, proposent des pi\u00e8ces reconditionn\u00e9es certifi\u00e9es, s\u00fbres et performantes.<\/p>\n\n<h2 class=\"wp-block-heading\">Conseils pratiques pour bien choisir une veste gore-tex arc\u2019teryx reconditionn\u00e9e<\/h2>\n\n<p>Le march\u00e9 de la veste reconditionn\u00e9e est en pleine expansion mais il n\u00e9cessite une certaine vigilance pour s\u2019assurer de la qualit\u00e9 du produit et de son ad\u00e9quation \u00e0 l\u2019usage souhait\u00e9. Voici quelques pistes pour vous aider \u00e0 faire le meilleur choix :<\/p>\n\n<ul class=\"wp-block-list\"><li><strong>V\u00e9rifiez l\u2019\u00e9tat g\u00e9n\u00e9ral :<\/strong> contr\u00f4lez l\u2019absence de d\u00e9chirures, l\u2019usure excessive des tissus ainsi que le bon fonctionnement des fermetures \u00e9clair et des velcros.<\/li><li><strong>Confirmez l\u2019imperm\u00e9abilit\u00e9 :<\/strong> assurez-vous que le traitement DWR est encore actif. Une simple goutte d\u2019eau doit perler sur la surface et ne pas s\u2019impr\u00e9gner.<\/li><li><strong>Demandez les d\u00e9tails de reconditionnement :<\/strong> certains vendeurs transparents d\u00e9crivent pr\u00e9cis\u00e9ment les r\u00e9parations effectu\u00e9es.<\/li><li><strong>Choisissez la bonne taille :<\/strong> surtout pour des v\u00eatements techniques, la coupe doit permettre une superposition efficace des couches sans g\u00eane.<\/li><li><strong>Privil\u00e9giez les sources fiables :<\/strong> favorisez les plateformes reconnues ou les distributeurs officiels qui offrent un minimum de garanties.<\/li><li><strong>Testez la capuche et les r\u00e9glages :<\/strong> sur une veste arc\u2019teryx Beta AR par exemple, la capuche DropHood doit pouvoir \u00eatre facilement ajust\u00e9e, m\u00eame avec des gants.<\/li><\/ul>\n\n<p>Pour compl\u00e9ter vos recherches sur des mod\u00e8les pr\u00e9cis, les sites comme <a href=\"https:\/\/www.auvieuxcampeur.fr\/veste-beta-ar-m-veste-1.html\">Au Vieux Campeur<\/a> ou encore <a href=\"https:\/\/www.snowleader.com\/arc-teryx.html\">Snowleader<\/a> regroupent des fiches techniques d\u00e9taill\u00e9es et des avis utilisateurs qui peuvent orienter votre choix.<\/p>\n\n<h3 class=\"wp-block-heading\">Comparaison entre une veste neuve et reconditionn\u00e9e : avantages et limites<\/h3>\n\n<figure class=\"wp-block-table\"><table>\n<thead>\n<tr>\n<th>Crit\u00e8res<\/th>\n<th>Veste Neuve<\/th>\n<th>Veste Reconditionn\u00e9e<\/th>\n<\/tr>\n<\/thead>\n<tbody>\n<tr>\n<td>Prix<\/td>\n<td>Plus \u00e9lev\u00e9<\/td>\n<td>Meilleur prix, plus accessible<\/td>\n<\/tr>\n<tr>\n<td>Performance technique<\/td>\n<td>Optimale et garantie<\/td>\n<td>Tr\u00e8s bonne, avec v\u00e9rifications et r\u00e9parations<\/td>\n<\/tr>\n<tr>\n<td>Durabilit\u00e9<\/td>\n<td>Longue dur\u00e9e selon usage<\/td>\n<td>Dur\u00e9e variable selon \u00e9tat initial et soins<\/td>\n<\/tr>\n<tr>\n<td>Impact environnemental<\/td>\n<td>Production gourmande en ressources<\/td>\n<td>R\u00e9duction significative d\u2019empreinte \u00e9cologique<\/td>\n<\/tr>\n<tr>\n<td>Garantie<\/td>\n<td>Officielle et compl\u00e8te<\/td>\n<td>Souvent limit\u00e9e, d\u00e9pend du vendeur<\/td>\n<\/tr>\n<\/tbody>\n<\/table><\/figure>\n\n<link rel=\"preconnect\" href=\"https:\/\/cdn.jsdelivr.net\" \/>\n<script src=\"https:\/\/cdn.jsdelivr.net\/npm\/@tailwindcss\/browser@4\"><\/script>\n\n<section aria-label=\"Tableau comparatif veste gore-tex arc\u2019teryx neuve vs reconditionn\u00e9e\" class=\"max-h-[2000px] overflow-auto p-4 bg-gray-50 rounded-lg shadow-md font-sans text-gray-800\">\n  <h2 class=\"text-xl font-bold mb-4 text-center\">Comparaison veste gore-tex arc\u2019teryx neuve vs reconditionn\u00e9e<\/h2>\n  <div class=\"overflow-x-auto\">\n    <table role=\"grid\" class=\"min-w-full border border-gray-300 rounded-lg text-center text-sm\" aria-live=\"polite\">\n      <thead class=\"bg-blue-600 text-white sticky top-0\">\n        <tr>\n          <th scope=\"col\" class=\"p-3 border border-blue-700 w-48\">Crit\u00e8re<\/th>\n          <th scope=\"col\" class=\"p-3 border border-blue-700 w-48 cursor-pointer select-none\" title=\"Cliquez pour trier par prix\">\n            <button id=\"btn-neuve\" type=\"button\" aria-pressed=\"false\" aria-label=\"Trier par veste neuve\" class=\"w-full\">Veste Neuve <span aria-hidden=\"true\">\u2b0d<\/span><\/button>\n          <\/th>\n          <th scope=\"col\" class=\"p-3 border border-blue-700 w-48 cursor-pointer select-none\" title=\"Cliquez pour trier par veste reconditionn\u00e9e\">\n            <button id=\"btn-reconditionnee\" type=\"button\" aria-pressed=\"false\" aria-label=\"Trier par veste reconditionn\u00e9e\" class=\"w-full\">Veste Reconditionn\u00e9e <span aria-hidden=\"true\">\u2b0d<\/span><\/button>\n          <\/th>\n        <\/tr>\n      <\/thead>\n      <tbody id=\"table-body\" class=\"bg-white\">\n        <!-- lignes inject\u00e9es par JS -->\n      <\/tbody>\n    <\/table>\n  <\/div>\n  <div class=\"mt-4\">\n    <label for=\"filter-input\" class=\"block mb-1 font-medium\">Filtrer les crit\u00e8res :<\/label>\n    <input type=\"search\" id=\"filter-input\" class=\"w-full p-2 border border-gray-300 rounded\" placeholder=\"Tapez pour filtrer...\" aria-describedby=\"filter-desc\" \/>\n    <p id=\"filter-desc\" class=\"sr-only\">Filtre le tableau par un mot-cl\u00e9 dans la colonne Crit\u00e8re<\/p>\n  <\/div>\n<\/section>\n\n<script>\n  \/*\n  Donn\u00e9es comparatives pour la veste gore-tex arc\u2019teryx neuve et reconditionn\u00e9e\n  Crit\u00e8res : Prix, Performance, Durabilit\u00e9, Impact Environnemental, Garantie\n  *\/\n\n  \/\/ Donn\u00e9es fixes en fran\u00e7ais\n  const donneesComparaison = [\n    {\n      critere: \"Prix\",\n      neuve: \"Plus \u00e9lev\u00e9\",\n      reconditionnee: \"Meilleur prix\"\n    },\n    {\n      critere: \"Performance\",\n      neuve: \"Optimale\",\n      reconditionnee: \"Tr\u00e8s bonne\"\n    },\n    {\n      critere: \"Durabilit\u00e9\",\n      neuve: \"Longue dur\u00e9e\",\n      reconditionnee: \"Variable\"\n    },\n    {\n      critere: \"Impact Environnemental\",\n      neuve: \"\u00c9lev\u00e9\",\n      reconditionnee: \"R\u00e9duit\"\n    },\n    {\n      critere: \"Garantie\",\n      neuve: \"Compl\u00e8te\",\n      reconditionnee: \"Limit\u00e9e\"\n    }\n  ];\n\n  \/\/ R\u00e9f\u00e9rences DOM\n  const tbody = document.getElementById(\"table-body\");\n  const filterInput = document.getElementById(\"filter-input\");\n  const btnNeuve = document.getElementById(\"btn-neuve\");\n  const btnReconditionnee = document.getElementById(\"btn-reconditionnee\");\n\n  \/\/ Etats de tri\n  let triColonne = null;  \/\/ 'neuve', 'reconditionnee' ou null\n  let triCroissant = true;\n\n  \/**\n   * Remplit la table avec les donn\u00e9es filtr\u00e9es et tri\u00e9es\n   * @param {Array} data Liste des objets comparatifs\n   *\/\n  function remplirTable(data) {\n    tbody.innerHTML = \"\";\n    if(data.length === 0) {\n      tbody.insertAdjacentHTML(\"beforeend\", `<tr><td colspan=\"3\" class=\"p-4 text-center text-gray-500 italic\">Aucun crit\u00e8re ne correspond \u00e0 la recherche.<\/td><\/tr>`);\n      return;\n    }\n    data.forEach(item => {\n      const tr = document.createElement(\"tr\");\n      tr.className = \"border-b border-gray-200 hover:bg-gray-100\";\n      tr.innerHTML = `\n      <th scope=\"row\" class=\"p-3 font-semibold text-left border border-gray-300 bg-gray-100\">${item.critere}<\/th>\n      <td class=\"p-3 border border-gray-300\">${item.neuve}<\/td>\n      <td class=\"p-3 border border-gray-300\">${item.reconditionnee}<\/td>\n      `;\n      tbody.appendChild(tr);\n    });\n  }\n\n  \/**\n   * Filtre les donn\u00e9es selon la saisie dans le champ de filtre\n   * @param {string} texte Texte de filtrage\n   * @returns Liste filtr\u00e9e\n   *\/\n  function filtrer(texte) {\n    const filtre = texte.trim().toLowerCase();\n    if(filtre === \"\") return donneesComparaison;\n    return donneesComparaison.filter(item => item.critere.toLowerCase().includes(filtre));\n  }\n\n  \/**\n   * Compare deux cha\u00eenes en fran\u00e7ais avec sensibilit\u00e9 aux accents maj\/min\n   * @param {string} a\n   * @param {string} b\n   * @param {boolean} asc true pour ordre croissant, false d\u00e9croissant\n   * @returns nombre -1, 0, 1\n   *\/\n  function comparerFrancais(a, b, asc=true) {\n    let res = a.localeCompare(b, 'fr', { sensitivity: 'base' });\n    return asc ? res : -res;\n  }\n\n  \/**\n   * Trie les donn\u00e9es par une colonne donn\u00e9e ('neuve' ou 'reconditionnee')\n   * @param {Array} data\n   * @param {string} colonne\n   * @param {boolean} asc\n   * @returns donn\u00e9es tri\u00e9es\n   *\/\n  function trier(data, colonne, asc=true) {\n    \/\/ On trie sur la cha\u00eene de texte dans la colonne s\u00e9lectionn\u00e9e\n    return [...data].sort((a,b) => comparerFrancais(a[colonne], b[colonne], asc));\n  }\n\n  \/**\n   * Met \u00e0 jour l'\u00e9tat ARIA et le style des boutons de tri\n   * @param {string|null} colonne\n   * @param {boolean} asc\n   *\/\n  function majEtatBoutons(colonne, asc) {\n    \/\/ Reset les boutons\n    [btnNeuve, btnReconditionnee].forEach(btn => {\n      btn.setAttribute(\"aria-pressed\", \"false\");\n      btn.querySelector(\"span\").textContent = \"\u2b0d\";\n    });\n    if(colonne) {\n      const btn = colonne === 'neuve' ? btnNeuve : btnReconditionnee;\n      btn.setAttribute(\"aria-pressed\", \"true\");\n      \/\/ Fl\u00e8che selon sens de tri : \u2191 pour croissant, \u2193 pour d\u00e9croissant\n      btn.querySelector(\"span\").textContent = asc ? \"\" : \"\";\n    }\n  }\n\n  \/\/ Gestionnaire de filter input avec debounce (pour accesibilit\u00e9\/perf)\n  let debounceTimer = null;\n  filterInput.addEventListener(\"input\", e => {\n    clearTimeout(debounceTimer);\n    debounceTimer = setTimeout(() => {\n      const filtr\u00e9 = filtrer(e.target.value);\n      \/\/ Si tri actif, trier avant d'afficher\n      const result = triColonne ? trier(filtr\u00e9, triColonne, triCroissant) : filtr\u00e9;\n      remplirTable(result);\n    }, 200);\n  });\n\n  \/\/ Gestion clic tri par \"Veste Neuve\"\n  btnNeuve.addEventListener(\"click\", () => {\n    if(triColonne === 'neuve') triCroissant = !triCroissant; \n    else { triColonne = 'neuve'; triCroissant = true; }\n    majEtatBoutons(triColonne, triCroissant);\n    const filtr\u00e9 = filtrer(filterInput.value);\n    remplirTable(trier(filtr\u00e9, triColonne, triCroissant));\n  });\n\n  \/\/ Gestion clic tri par \"Veste Reconditionn\u00e9e\"\n  btnReconditionnee.addEventListener(\"click\", () => {\n    if(triColonne === 'reconditionnee') triCroissant = !triCroissant; \n    else { triColonne = 'reconditionnee'; triCroissant = true; }\n    majEtatBoutons(triColonne, triCroissant);\n    const filtr\u00e9 = filtrer(filterInput.value);\n    remplirTable(trier(filtr\u00e9, triColonne, triCroissant));\n  });\n\n  \/\/ Initialisation affichage complet sans filtre ni tri\n  remplirTable(donneesComparaison);\n  majEtatBoutons(null, true);\n\n<\/script>\n\n<h2 class=\"wp-block-heading\">La veste Beta AR d\u2019Arc\u2019teryx : un exemple phare de performance et d\u2019adaptabilit\u00e9<\/h2>\n\n<p>La Beta AR pour homme est une pi\u00e8ce embl\u00e9matique d\u2019arc\u2019teryx reconnue pour son design soign\u00e9 et ses capacit\u00e9s techniques avanc\u00e9es. Pens\u00e9e pour les aventuriers cherchant \u00e0 allier l\u00e9g\u00e8ret\u00e9 et robustesse, cette veste est con\u00e7ue en GORE-TEX Pro N80d 3 couches, ce qui lui assure une r\u00e9sistance exceptionnelle contre le vent et la pluie tout en restant confortable.<\/p>\n\n<p>Son col montant et sa capuche DropHood r\u00e9glable compatible casque prot\u00e8gent efficacement la t\u00eate et le cou. Le zip de ventilation sous les bras apporte une thermor\u00e9gulation indispensable lors d\u2019efforts intenses. La coupe ajust\u00e9e, associ\u00e9e \u00e0 un ourlet plongeant, autorise une superposition des couches thermiques sans entrave aux mouvements, ce qui s\u00e9duit particuli\u00e8rement les alpinistes et les skieurs de randonn\u00e9e.<\/p>\n\n<p>Les d\u00e9tails soign\u00e9s comme le prot\u00e8ge-menton en microvelours bross\u00e9 \u00e9vitent les irritations tandis que les fermetures \u00e9clair RS limitent les infiltrations d\u2019eau. Arc\u2019teryx int\u00e8gre aussi un r\u00e9flecteur Recco, qui am\u00e9liore la s\u00e9curit\u00e9 en cas d\u2019urgence avalanche, un \u00e9l\u00e9ment tr\u00e8s appr\u00e9ci\u00e9 des amateurs de montagne extr\u00eame. La sobri\u00e9t\u00e9 du design et le coloris Black accentuent le look moderne, parfaitement adapt\u00e9 \u00e0 l\u2019outdoor mais aussi \u00e0 un usage urbain.<\/p>\n\n<p>Les amateurs trouveront davantage de renseignements sur cette pi\u00e8ce technique dans des boutiques sp\u00e9cialis\u00e9es en grande montagne, telles que <a href=\"https:\/\/www.speck-sports.com\/fr\/vestes-de-randonnee-homme\/130137-veste-homme-arc-teryx-beta-ar-black.html\">Speck Sports<\/a> ou les plateformes officielles d\u2019<a href=\"https:\/\/arcteryx.com\/fr\/fr\">arc\u2019teryx<\/a>. La Beta AR reste une v\u00e9ritable r\u00e9f\u00e9rence pour un \u00e9quipement outdoor performant, durable et \u00e9l\u00e9gant.<\/p>\n\n<figure class=\"is-provider-youtube is-type-video wp-block-embed wp-block-embed-youtube wp-embed-aspect-16-9 wp-has-aspect-ratio\"><div class=\"wp-block-embed__wrapper\">\n<iframe loading=\"lazy\" title=\"Arcteryx BETA SL GORE-TEX The best jacket for outdoor sports #arcteryx #fashion #automobile #jacket\" width=\"500\" height=\"281\" src=\"https:\/\/www.youtube.com\/embed\/Dv8UoaZDbpY?feature=oembed\" frameborder=\"0\" allow=\"accelerometer; autoplay; clipboard-write; encrypted-media; gyroscope; picture-in-picture; web-share\" referrerpolicy=\"strict-origin-when-cross-origin\" allowfullscreen><\/iframe>\n<\/div><\/figure>\n\n<h2 class=\"wp-block-heading\">O\u00f9 trouver une veste gore-tex arc\u2019teryx reconditionn\u00e9e au meilleur prix en 2026<\/h2>\n\n<p>L\u2019offre de vestes reconditionn\u00e9es s\u2019\u00e9largit en 2026 avec des acteurs de confiance qui facilitent l\u2019acc\u00e8s \u00e0 ces produits techniques et durables. Parmi les plateformes incontournables, on peut citer <a href=\"https:\/\/www.leboncoin.fr\/ck\/vetements\/veste-arcteryx\">leboncoin<\/a>, un leader fran\u00e7ais du march\u00e9 de l\u2019occasion o\u00f9 de nombreux mod\u00e8les arc\u2019teryx circulent \u00e0 des tarifs comp\u00e9titifs. Le contr\u00f4le qualit\u00e9 des vendeurs s\u00e9rieux y est primordial pour \u00e9viter les d\u00e9convenues.<\/p>\n\n<p>Les boutiques en ligne sp\u00e9cialis\u00e9es comme <a href=\"https:\/\/graduatestore.fr\/fr\/276_arc-teryx\">Graduate Store<\/a> ou <a href=\"https:\/\/www.snowleader.com\/arc-teryx\/gore-tex.html\">Snowleader<\/a> proposent \u00e9galement des vestes reconditionn\u00e9es issues de circuits certifi\u00e9s, avec parfois des garanties limit\u00e9es et un service client professionnel. Leur expertise permet de conseiller au mieux les clients selon l\u2019activit\u00e9 envisag\u00e9e, que ce soit une sortie urbaine ou des aventures extr\u00eames en montagne.<\/p>\n\n<p>Des sites comme <a href=\"https:\/\/www.ekosport.fr\/c\/gam-GT011-technologie-gore-tex\/f\/marque-arc-teryx\">Ekosport<\/a> valorisent particuli\u00e8rement la gamme GORE-TEX arc\u2019teryx, tr\u00e8s appr\u00e9ci\u00e9e pour sa fiabilit\u00e9. Il est conseill\u00e9 de comparer les offres, de lire attentivement les descriptions et de privil\u00e9gier des vendeurs proposant un retour ou une garantie en cas de probl\u00e8me.<\/p>\n\n<figure class=\"is-provider-youtube is-type-video wp-block-embed wp-block-embed-youtube wp-embed-aspect-16-9 wp-has-aspect-ratio\"><div class=\"wp-block-embed__wrapper\">\n<iframe loading=\"lazy\" title=\"arcteryx jacket Real waterproof test, the best jacket for skiing, hiking, and outdoor sports\" width=\"500\" height=\"281\" src=\"https:\/\/www.youtube.com\/embed\/NxnUSnqVTFU?feature=oembed\" frameborder=\"0\" allow=\"accelerometer; autoplay; clipboard-write; encrypted-media; gyroscope; picture-in-picture; web-share\" referrerpolicy=\"strict-origin-when-cross-origin\" allowfullscreen><\/iframe>\n<\/div><\/figure>\n\n<script type=\"application\/ld+json\">\n{\"@context\":\"https:\/\/schema.org\",\"@type\":\"FAQPage\",\"mainEntity\":[{\"@type\":\"Question\",\"name\":\"Comment reconnau00eetre une veste gore-tex arcu2019teryx reconditionnu00e9e de qualitu00e9 ?\",\"acceptedAnswer\":{\"@type\":\"Answer\",\"text\":\"Une veste reconditionnu00e9e de qualitu00e9 se caractu00e9rise par une impermu00e9abilitu00e9 intacte (test du perlage d'eau), des coutures et fermetures u00e9clair en bon u00e9tat, ainsi quu2019un badge ou un certificat assurant le reconditionnement par un professionnel.\"}},{\"@type\":\"Question\",\"name\":\"Quels sont les avantages du2019une veste reconditionnu00e9e par rapport au neuf ?\",\"acceptedAnswer\":{\"@type\":\"Answer\",\"text\":\"Le principal bu00e9nu00e9fice est un prix bien plus accessible tout en profitant du2019une veste technique haute performance, avec un impact environnemental ru00e9duit gru00e2ce u00e0 la seconde vie donnu00e9e au produit.\"}},{\"@type\":\"Question\",\"name\":\"La veste Beta AR convient-elle u00e0 toutes les saisons ?\",\"acceptedAnswer\":{\"@type\":\"Answer\",\"text\":\"Cette veste est polyvalente, idu00e9ale pour les activitu00e9s en conditions variables en printemps, u00e9tu00e9 frais, automne et hiver doux, particuliu00e8rement adaptu00e9e aux pratiques montagne extru00eames.\"}},{\"@type\":\"Question\",\"name\":\"Comment entretenir une veste gore-tex reconditionnu00e9e ?\",\"acceptedAnswer\":{\"@type\":\"Answer\",\"text\":\"Un lavage doux avec des produits spu00e9cifiques GORE-TEX, suivi du2019un ru00e9-activation du traitement du00e9perlant (DWR) si nu00e9cessaire, assure la longu00e9vitu00e9 des performances techniques.\"}}]}\n<\/script>\n<h3>Comment reconna\u00eetre une veste gore-tex arc\u2019teryx reconditionn\u00e9e de qualit\u00e9 ?<\/h3>\n<p>Une veste reconditionn\u00e9e de qualit\u00e9 se caract\u00e9rise par une imperm\u00e9abilit\u00e9 intacte (test du perlage d&rsquo;eau), des coutures et fermetures \u00e9clair en bon \u00e9tat, ainsi qu\u2019un badge ou un certificat assurant le reconditionnement par un professionnel.<\/p>\n<h3>Quels sont les avantages d\u2019une veste reconditionn\u00e9e par rapport au neuf ?<\/h3>\n<p>Le principal b\u00e9n\u00e9fice est un prix bien plus accessible tout en profitant d\u2019une veste technique haute performance, avec un impact environnemental r\u00e9duit gr\u00e2ce \u00e0 la seconde vie donn\u00e9e au produit.<\/p>\n<h3>La veste Beta AR convient-elle \u00e0 toutes les saisons ?<\/h3>\n<p>Cette veste est polyvalente, id\u00e9ale pour les activit\u00e9s en conditions variables en printemps, \u00e9t\u00e9 frais, automne et hiver doux, particuli\u00e8rement adapt\u00e9e aux pratiques montagne extr\u00eames.<\/p>\n<h3>Comment entretenir une veste gore-tex reconditionn\u00e9e ?<\/h3>\n<p>Un lavage doux avec des produits sp\u00e9cifiques GORE-TEX, suivi d\u2019un r\u00e9-activation du traitement d\u00e9perlant (DWR) si n\u00e9cessaire, assure la long\u00e9vit\u00e9 des performances techniques.<\/p>\n\n","protected":false},"excerpt":{"rendered":"<p>La qu\u00eate d\u2019une veste polyvalente, r\u00e9sistante aux intemp\u00e9ries et respectueuse de l\u2019environnement devient une priorit\u00e9 pour de nombreux passionn\u00e9s d\u2019activit\u00e9s [&hellip;]<\/p>\n","protected":false},"author":1,"featured_media":30,"comment_status":"","ping_status":"","sticky":false,"template":"","format":"standard","meta":{"site-sidebar-layout":"default","site-content-layout":"","ast-site-content-layout":"default","site-content-style":"default","site-sidebar-style":"default","ast-global-header-display":"","ast-banner-title-visibility":"","ast-main-header-display":"","ast-hfb-above-header-display":"","ast-hfb-below-header-display":"","ast-hfb-mobile-header-display":"","site-post-title":"","ast-breadcrumbs-content":"","ast-featured-img":"","footer-sml-layout":"","ast-disable-related-posts":"","theme-transparent-header-meta":"","adv-header-id-meta":"","stick-header-meta":"","header-above-stick-meta":"","header-main-stick-meta":"","header-below-stick-meta":"","astra-migrate-meta-layouts":"default","ast-page-background-enabled":"default","ast-page-background-meta":{"desktop":{"background-color":"var(--ast-global-color-5)","background-image":"","background-repeat":"repeat","background-position":"center center","background-size":"auto","background-attachment":"scroll","background-type":"","background-media":"","overlay-type":"","overlay-color":"","overlay-opacity":"","overlay-gradient":""},"tablet":{"background-color":"","background-image":"","background-repeat":"repeat","background-position":"center center","background-size":"auto","background-attachment":"scroll","background-type":"","background-media":"","overlay-type":"","overlay-color":"","overlay-opacity":"","overlay-gradient":""},"mobile":{"background-color":"","background-image":"","background-repeat":"repeat","background-position":"center center","background-size":"auto","background-attachment":"scroll","background-type":"","background-media":"","overlay-type":"","overlay-color":"","overlay-opacity":"","overlay-gradient":""}},"ast-content-background-meta":{"desktop":{"background-color":"var(--ast-global-color-4)","background-image":"","background-repeat":"repeat","background-position":"center center","background-size":"auto","background-attachment":"scroll","background-type":"","background-media":"","overlay-type":"","overlay-color":"","overlay-opacity":"","overlay-gradient":""},"tablet":{"background-color":"var(--ast-global-color-4)","background-image":"","background-repeat":"repeat","background-position":"center center","background-size":"auto","background-attachment":"scroll","background-type":"","background-media":"","overlay-type":"","overlay-color":"","overlay-opacity":"","overlay-gradient":""},"mobile":{"background-color":"var(--ast-global-color-4)","background-image":"","background-repeat":"repeat","background-position":"center center","background-size":"auto","background-attachment":"scroll","background-type":"","background-media":"","overlay-type":"","overlay-color":"","overlay-opacity":"","overlay-gradient":""}},"footnotes":""},"categories":[1],"tags":[],"class_list":["post-32","post","type-post","status-publish","format-standard","has-post-thumbnail","hentry","category-seconde-main"],"yoast_head":"<!-- This site is optimized with the Yoast SEO plugin v27.4 - https:\/\/yoast.com\/product\/yoast-seo-wordpress\/ -->\n<title>Veste gore-tex arc\u2019teryx reconditionn\u00e9e : performance et durabilit\u00e9 au meilleur prix - Le magazine de la seconde main<\/title>\n<meta name=\"robots\" content=\"index, follow, max-snippet:-1, max-image-preview:large, max-video-preview:-1\" \/>\n<link rel=\"canonical\" href=\"https:\/\/www.site-annonce.fr\/mag\/veste-gore-tex-arcteryx-reconditionnee-performance-et-durabilite-au-meilleur-prix\/\" \/>\n<meta property=\"og:locale\" content=\"fr_FR\" \/>\n<meta property=\"og:type\" content=\"article\" \/>\n<meta property=\"og:title\" content=\"Veste gore-tex arc\u2019teryx reconditionn\u00e9e : performance et durabilit\u00e9 au meilleur prix - Le magazine de la seconde main\" \/>\n<meta property=\"og:description\" content=\"La qu\u00eate d\u2019une veste polyvalente, r\u00e9sistante aux intemp\u00e9ries et respectueuse de l\u2019environnement devient une priorit\u00e9 pour de nombreux passionn\u00e9s d\u2019activit\u00e9s [&hellip;]\" \/>\n<meta property=\"og:url\" content=\"https:\/\/www.site-annonce.fr\/mag\/veste-gore-tex-arcteryx-reconditionnee-performance-et-durabilite-au-meilleur-prix\/\" \/>\n<meta property=\"og:site_name\" content=\"Le magazine de la seconde main\" \/>\n<meta property=\"article:published_time\" content=\"2026-01-19T08:49:07+00:00\" \/>\n<meta property=\"og:image\" content=\"https:\/\/www.site-annonce.fr\/mag\/wp-content\/uploads\/2026\/01\/gore-tex-jacket-1.jpg\" \/>\n<meta name=\"author\" content=\"vincent vandegans\" \/>\n<meta name=\"twitter:card\" content=\"summary_large_image\" \/>\n<meta name=\"twitter:label1\" content=\"\u00c9crit par\" \/>\n\t<meta name=\"twitter:data1\" content=\"vincent vandegans\" \/>\n\t<meta name=\"twitter:label2\" content=\"Dur\u00e9e de lecture estim\u00e9e\" \/>\n\t<meta name=\"twitter:data2\" content=\"11 minutes\" \/>\n<script type=\"application\/ld+json\" class=\"yoast-schema-graph\">{\"@context\":\"https:\\\/\\\/schema.org\",\"@graph\":[{\"@type\":\"Article\",\"@id\":\"https:\\\/\\\/www.site-annonce.fr\\\/mag\\\/veste-gore-tex-arcteryx-reconditionnee-performance-et-durabilite-au-meilleur-prix\\\/#article\",\"isPartOf\":{\"@id\":\"https:\\\/\\\/www.site-annonce.fr\\\/mag\\\/veste-gore-tex-arcteryx-reconditionnee-performance-et-durabilite-au-meilleur-prix\\\/\"},\"author\":{\"name\":\"vincent vandegans\",\"@id\":\"https:\\\/\\\/www.site-annonce.fr\\\/mag\\\/#\\\/schema\\\/person\\\/01e732b7ed3bbc5e79034114cea87087\"},\"headline\":\"Veste gore-tex arc\u2019teryx reconditionn\u00e9e : performance et durabilit\u00e9 au meilleur prix\",\"datePublished\":\"2026-01-19T08:49:07+00:00\",\"mainEntityOfPage\":{\"@id\":\"https:\\\/\\\/www.site-annonce.fr\\\/mag\\\/veste-gore-tex-arcteryx-reconditionnee-performance-et-durabilite-au-meilleur-prix\\\/\"},\"wordCount\":2236,\"image\":{\"@id\":\"https:\\\/\\\/www.site-annonce.fr\\\/mag\\\/veste-gore-tex-arcteryx-reconditionnee-performance-et-durabilite-au-meilleur-prix\\\/#primaryimage\"},\"thumbnailUrl\":\"https:\\\/\\\/www.site-annonce.fr\\\/mag\\\/wp-content\\\/uploads\\\/2026\\\/01\\\/gore-tex-jacket.jpg\",\"articleSection\":[\"Seconde main\"],\"inLanguage\":\"fr-FR\"},{\"@type\":\"WebPage\",\"@id\":\"https:\\\/\\\/www.site-annonce.fr\\\/mag\\\/veste-gore-tex-arcteryx-reconditionnee-performance-et-durabilite-au-meilleur-prix\\\/\",\"url\":\"https:\\\/\\\/www.site-annonce.fr\\\/mag\\\/veste-gore-tex-arcteryx-reconditionnee-performance-et-durabilite-au-meilleur-prix\\\/\",\"name\":\"Veste gore-tex arc\u2019teryx reconditionn\u00e9e : performance et durabilit\u00e9 au meilleur prix - Le magazine de la seconde main\",\"isPartOf\":{\"@id\":\"https:\\\/\\\/www.site-annonce.fr\\\/mag\\\/#website\"},\"primaryImageOfPage\":{\"@id\":\"https:\\\/\\\/www.site-annonce.fr\\\/mag\\\/veste-gore-tex-arcteryx-reconditionnee-performance-et-durabilite-au-meilleur-prix\\\/#primaryimage\"},\"image\":{\"@id\":\"https:\\\/\\\/www.site-annonce.fr\\\/mag\\\/veste-gore-tex-arcteryx-reconditionnee-performance-et-durabilite-au-meilleur-prix\\\/#primaryimage\"},\"thumbnailUrl\":\"https:\\\/\\\/www.site-annonce.fr\\\/mag\\\/wp-content\\\/uploads\\\/2026\\\/01\\\/gore-tex-jacket.jpg\",\"datePublished\":\"2026-01-19T08:49:07+00:00\",\"author\":{\"@id\":\"https:\\\/\\\/www.site-annonce.fr\\\/mag\\\/#\\\/schema\\\/person\\\/01e732b7ed3bbc5e79034114cea87087\"},\"breadcrumb\":{\"@id\":\"https:\\\/\\\/www.site-annonce.fr\\\/mag\\\/veste-gore-tex-arcteryx-reconditionnee-performance-et-durabilite-au-meilleur-prix\\\/#breadcrumb\"},\"inLanguage\":\"fr-FR\",\"potentialAction\":[{\"@type\":\"ReadAction\",\"target\":[\"https:\\\/\\\/www.site-annonce.fr\\\/mag\\\/veste-gore-tex-arcteryx-reconditionnee-performance-et-durabilite-au-meilleur-prix\\\/\"]}]},{\"@type\":\"ImageObject\",\"inLanguage\":\"fr-FR\",\"@id\":\"https:\\\/\\\/www.site-annonce.fr\\\/mag\\\/veste-gore-tex-arcteryx-reconditionnee-performance-et-durabilite-au-meilleur-prix\\\/#primaryimage\",\"url\":\"https:\\\/\\\/www.site-annonce.fr\\\/mag\\\/wp-content\\\/uploads\\\/2026\\\/01\\\/gore-tex-jacket.jpg\",\"contentUrl\":\"https:\\\/\\\/www.site-annonce.fr\\\/mag\\\/wp-content\\\/uploads\\\/2026\\\/01\\\/gore-tex-jacket.jpg\",\"width\":1200,\"height\":627,\"caption\":\"d\u00e9couvrez notre veste gore-tex alliant imperm\u00e9abilit\u00e9, respirabilit\u00e9 et confort optimal pour toutes vos activit\u00e9s en plein air.\"},{\"@type\":\"BreadcrumbList\",\"@id\":\"https:\\\/\\\/www.site-annonce.fr\\\/mag\\\/veste-gore-tex-arcteryx-reconditionnee-performance-et-durabilite-au-meilleur-prix\\\/#breadcrumb\",\"itemListElement\":[{\"@type\":\"ListItem\",\"position\":1,\"name\":\"Accueil\",\"item\":\"https:\\\/\\\/www.site-annonce.fr\\\/mag\\\/\"},{\"@type\":\"ListItem\",\"position\":2,\"name\":\"Veste gore-tex arc\u2019teryx reconditionn\u00e9e : performance et durabilit\u00e9 au meilleur prix\"}]},{\"@type\":\"WebSite\",\"@id\":\"https:\\\/\\\/www.site-annonce.fr\\\/mag\\\/#website\",\"url\":\"https:\\\/\\\/www.site-annonce.fr\\\/mag\\\/\",\"name\":\"Le magazine de la seconde main\",\"description\":\"\",\"potentialAction\":[{\"@type\":\"SearchAction\",\"target\":{\"@type\":\"EntryPoint\",\"urlTemplate\":\"https:\\\/\\\/www.site-annonce.fr\\\/mag\\\/?s={search_term_string}\"},\"query-input\":{\"@type\":\"PropertyValueSpecification\",\"valueRequired\":true,\"valueName\":\"search_term_string\"}}],\"inLanguage\":\"fr-FR\"},{\"@type\":\"Person\",\"@id\":\"https:\\\/\\\/www.site-annonce.fr\\\/mag\\\/#\\\/schema\\\/person\\\/01e732b7ed3bbc5e79034114cea87087\",\"name\":\"vincent vandegans\",\"image\":{\"@type\":\"ImageObject\",\"inLanguage\":\"fr-FR\",\"@id\":\"https:\\\/\\\/secure.gravatar.com\\\/avatar\\\/b984800dabdf722d5e3f03f637c8932dea77d81118467d17ad2953e3b273ec66?s=96&d=mm&r=g\",\"url\":\"https:\\\/\\\/secure.gravatar.com\\\/avatar\\\/b984800dabdf722d5e3f03f637c8932dea77d81118467d17ad2953e3b273ec66?s=96&d=mm&r=g\",\"contentUrl\":\"https:\\\/\\\/secure.gravatar.com\\\/avatar\\\/b984800dabdf722d5e3f03f637c8932dea77d81118467d17ad2953e3b273ec66?s=96&d=mm&r=g\",\"caption\":\"vincent vandegans\"},\"sameAs\":[\"https:\\\/\\\/site-annonce.fr\\\/mag\"],\"url\":\"https:\\\/\\\/www.site-annonce.fr\\\/mag\\\/author\\\/vdgvince_vvb9v80m\\\/\"}]}<\/script>\n<!-- \/ Yoast SEO plugin. -->","yoast_head_json":{"title":"Veste gore-tex arc\u2019teryx reconditionn\u00e9e : performance et durabilit\u00e9 au meilleur prix - Le magazine de la seconde main","robots":{"index":"index","follow":"follow","max-snippet":"max-snippet:-1","max-image-preview":"max-image-preview:large","max-video-preview":"max-video-preview:-1"},"canonical":"https:\/\/www.site-annonce.fr\/mag\/veste-gore-tex-arcteryx-reconditionnee-performance-et-durabilite-au-meilleur-prix\/","og_locale":"fr_FR","og_type":"article","og_title":"Veste gore-tex arc\u2019teryx reconditionn\u00e9e : performance et durabilit\u00e9 au meilleur prix - Le magazine de la seconde main","og_description":"La qu\u00eate d\u2019une veste polyvalente, r\u00e9sistante aux intemp\u00e9ries et respectueuse de l\u2019environnement devient une priorit\u00e9 pour de nombreux passionn\u00e9s d\u2019activit\u00e9s [&hellip;]","og_url":"https:\/\/www.site-annonce.fr\/mag\/veste-gore-tex-arcteryx-reconditionnee-performance-et-durabilite-au-meilleur-prix\/","og_site_name":"Le magazine de la seconde main","article_published_time":"2026-01-19T08:49:07+00:00","og_image":[{"url":"https:\/\/www.site-annonce.fr\/mag\/wp-content\/uploads\/2026\/01\/gore-tex-jacket-1.jpg","type":"","width":"","height":""}],"author":"vincent vandegans","twitter_card":"summary_large_image","twitter_misc":{"\u00c9crit par":"vincent vandegans","Dur\u00e9e de lecture estim\u00e9e":"11 minutes"},"schema":{"@context":"https:\/\/schema.org","@graph":[{"@type":"Article","@id":"https:\/\/www.site-annonce.fr\/mag\/veste-gore-tex-arcteryx-reconditionnee-performance-et-durabilite-au-meilleur-prix\/#article","isPartOf":{"@id":"https:\/\/www.site-annonce.fr\/mag\/veste-gore-tex-arcteryx-reconditionnee-performance-et-durabilite-au-meilleur-prix\/"},"author":{"name":"vincent vandegans","@id":"https:\/\/www.site-annonce.fr\/mag\/#\/schema\/person\/01e732b7ed3bbc5e79034114cea87087"},"headline":"Veste gore-tex arc\u2019teryx reconditionn\u00e9e : performance et durabilit\u00e9 au meilleur prix","datePublished":"2026-01-19T08:49:07+00:00","mainEntityOfPage":{"@id":"https:\/\/www.site-annonce.fr\/mag\/veste-gore-tex-arcteryx-reconditionnee-performance-et-durabilite-au-meilleur-prix\/"},"wordCount":2236,"image":{"@id":"https:\/\/www.site-annonce.fr\/mag\/veste-gore-tex-arcteryx-reconditionnee-performance-et-durabilite-au-meilleur-prix\/#primaryimage"},"thumbnailUrl":"https:\/\/www.site-annonce.fr\/mag\/wp-content\/uploads\/2026\/01\/gore-tex-jacket.jpg","articleSection":["Seconde main"],"inLanguage":"fr-FR"},{"@type":"WebPage","@id":"https:\/\/www.site-annonce.fr\/mag\/veste-gore-tex-arcteryx-reconditionnee-performance-et-durabilite-au-meilleur-prix\/","url":"https:\/\/www.site-annonce.fr\/mag\/veste-gore-tex-arcteryx-reconditionnee-performance-et-durabilite-au-meilleur-prix\/","name":"Veste gore-tex arc\u2019teryx reconditionn\u00e9e : performance et durabilit\u00e9 au meilleur prix - Le magazine de la seconde main","isPartOf":{"@id":"https:\/\/www.site-annonce.fr\/mag\/#website"},"primaryImageOfPage":{"@id":"https:\/\/www.site-annonce.fr\/mag\/veste-gore-tex-arcteryx-reconditionnee-performance-et-durabilite-au-meilleur-prix\/#primaryimage"},"image":{"@id":"https:\/\/www.site-annonce.fr\/mag\/veste-gore-tex-arcteryx-reconditionnee-performance-et-durabilite-au-meilleur-prix\/#primaryimage"},"thumbnailUrl":"https:\/\/www.site-annonce.fr\/mag\/wp-content\/uploads\/2026\/01\/gore-tex-jacket.jpg","datePublished":"2026-01-19T08:49:07+00:00","author":{"@id":"https:\/\/www.site-annonce.fr\/mag\/#\/schema\/person\/01e732b7ed3bbc5e79034114cea87087"},"breadcrumb":{"@id":"https:\/\/www.site-annonce.fr\/mag\/veste-gore-tex-arcteryx-reconditionnee-performance-et-durabilite-au-meilleur-prix\/#breadcrumb"},"inLanguage":"fr-FR","potentialAction":[{"@type":"ReadAction","target":["https:\/\/www.site-annonce.fr\/mag\/veste-gore-tex-arcteryx-reconditionnee-performance-et-durabilite-au-meilleur-prix\/"]}]},{"@type":"ImageObject","inLanguage":"fr-FR","@id":"https:\/\/www.site-annonce.fr\/mag\/veste-gore-tex-arcteryx-reconditionnee-performance-et-durabilite-au-meilleur-prix\/#primaryimage","url":"https:\/\/www.site-annonce.fr\/mag\/wp-content\/uploads\/2026\/01\/gore-tex-jacket.jpg","contentUrl":"https:\/\/www.site-annonce.fr\/mag\/wp-content\/uploads\/2026\/01\/gore-tex-jacket.jpg","width":1200,"height":627,"caption":"d\u00e9couvrez notre veste gore-tex alliant imperm\u00e9abilit\u00e9, respirabilit\u00e9 et confort optimal pour toutes vos activit\u00e9s en plein air."},{"@type":"BreadcrumbList","@id":"https:\/\/www.site-annonce.fr\/mag\/veste-gore-tex-arcteryx-reconditionnee-performance-et-durabilite-au-meilleur-prix\/#breadcrumb","itemListElement":[{"@type":"ListItem","position":1,"name":"Accueil","item":"https:\/\/www.site-annonce.fr\/mag\/"},{"@type":"ListItem","position":2,"name":"Veste gore-tex arc\u2019teryx reconditionn\u00e9e : performance et durabilit\u00e9 au meilleur prix"}]},{"@type":"WebSite","@id":"https:\/\/www.site-annonce.fr\/mag\/#website","url":"https:\/\/www.site-annonce.fr\/mag\/","name":"Le magazine de la seconde main","description":"","potentialAction":[{"@type":"SearchAction","target":{"@type":"EntryPoint","urlTemplate":"https:\/\/www.site-annonce.fr\/mag\/?s={search_term_string}"},"query-input":{"@type":"PropertyValueSpecification","valueRequired":true,"valueName":"search_term_string"}}],"inLanguage":"fr-FR"},{"@type":"Person","@id":"https:\/\/www.site-annonce.fr\/mag\/#\/schema\/person\/01e732b7ed3bbc5e79034114cea87087","name":"vincent vandegans","image":{"@type":"ImageObject","inLanguage":"fr-FR","@id":"https:\/\/secure.gravatar.com\/avatar\/b984800dabdf722d5e3f03f637c8932dea77d81118467d17ad2953e3b273ec66?s=96&d=mm&r=g","url":"https:\/\/secure.gravatar.com\/avatar\/b984800dabdf722d5e3f03f637c8932dea77d81118467d17ad2953e3b273ec66?s=96&d=mm&r=g","contentUrl":"https:\/\/secure.gravatar.com\/avatar\/b984800dabdf722d5e3f03f637c8932dea77d81118467d17ad2953e3b273ec66?s=96&d=mm&r=g","caption":"vincent vandegans"},"sameAs":["https:\/\/site-annonce.fr\/mag"],"url":"https:\/\/www.site-annonce.fr\/mag\/author\/vdgvince_vvb9v80m\/"}]}},"_links":{"self":[{"href":"https:\/\/www.site-annonce.fr\/mag\/wp-json\/wp\/v2\/posts\/32","targetHints":{"allow":["GET"]}}],"collection":[{"href":"https:\/\/www.site-annonce.fr\/mag\/wp-json\/wp\/v2\/posts"}],"about":[{"href":"https:\/\/www.site-annonce.fr\/mag\/wp-json\/wp\/v2\/types\/post"}],"author":[{"embeddable":true,"href":"https:\/\/www.site-annonce.fr\/mag\/wp-json\/wp\/v2\/users\/1"}],"replies":[{"embeddable":true,"href":"https:\/\/www.site-annonce.fr\/mag\/wp-json\/wp\/v2\/comments?post=32"}],"version-history":[{"count":0,"href":"https:\/\/www.site-annonce.fr\/mag\/wp-json\/wp\/v2\/posts\/32\/revisions"}],"wp:featuredmedia":[{"embeddable":true,"href":"https:\/\/www.site-annonce.fr\/mag\/wp-json\/wp\/v2\/media\/30"}],"wp:attachment":[{"href":"https:\/\/www.site-annonce.fr\/mag\/wp-json\/wp\/v2\/media?parent=32"}],"wp:term":[{"taxonomy":"category","embeddable":true,"href":"https:\/\/www.site-annonce.fr\/mag\/wp-json\/wp\/v2\/categories?post=32"},{"taxonomy":"post_tag","embeddable":true,"href":"https:\/\/www.site-annonce.fr\/mag\/wp-json\/wp\/v2\/tags?post=32"}],"curies":[{"name":"wp","href":"https:\/\/api.w.org\/{rel}","templated":true}]}}