{"id":19,"date":"2026-01-13T07:12:01","date_gmt":"2026-01-13T07:12:01","guid":{"rendered":"https:\/\/www.site-annonce.fr\/mag\/velo-cargo-electrique-reconditionne-une-solution-durable-et-economique\/"},"modified":"2026-01-13T07:12:01","modified_gmt":"2026-01-13T07:12:01","slug":"velo-cargo-electrique-reconditionne-une-solution-durable-et-economique","status":"publish","type":"post","link":"https:\/\/www.site-annonce.fr\/mag\/velo-cargo-electrique-reconditionne-une-solution-durable-et-economique\/","title":{"rendered":"V\u00e9lo cargo \u00e9lectrique reconditionn\u00e9 : une solution durable et \u00e9conomique"},"content":{"rendered":"<script type=\"application\/ld+json\">{\"@context\":\"https:\\\/\\\/schema.org\",\"@type\":\"Product\",\"name\":\"Tricycle \\u00e9lectrique Pour Adultes - Charge 200 Kg, V\\u00e9lo Cargo \\u00e9lectrique \\u00e0 Pneus Larges De 20'' , Batterie Amovible 48 V\\\/12 Ah - Autonomie 35 Km, Pour Les Trajets Domicile-Travail Et Les Voyages\",\"aggregateRating\":{\"ratingValue\":0,\"reviewCount\":0}}<\/script>\n<div class=\"amazon-products\" data-template=\"grid_3x\">\n<div class=\"amazon-product\">\n<div class=\"amazon-product-content\">\n<div class=\"amazon-product-thumbnail\">\n<img decoding=\"async\" src=\"https:\/\/m.media-amazon.com\/images\/I\/71Uc1oMReGL._AC_UL320_.jpg\" alt=\"Tricycle \u00e9lectrique Pour Adultes - Charge 200 Kg, V\u00e9lo Cargo \u00e9lectrique \u00e0 Pneus Larges De 20'' , Batterie Amovible 48 V\/12 Ah - Autonomie 35 Km, Pour Les Trajets Domicile-Travail Et Les Voyages\">\n<\/div>\n<div class=\"amazon-product-title\">Tricycle \u00e9lectrique Pour Adultes - Charge 200 Kg, V\u00e9lo Cargo \u00e9lectrique \u00e0 Pneus Larges De 20'' , Batterie Amovible 48 V\/12 Ah - Autonomie 35 Km, Pour Les Trajets Domicile-Travail Et Les Voyages<\/div>\n<div class=\"amazon-product-price\">1419\u20ac<\/div>\n<\/div>\n<div class=\"amazon-product-button\">\n<a href=\"https:\/\/www.amazon.fr\/dp\/B0G2GLH9PZ\" target=\"_blank\" rel=\"nofollow\">\n<svg xmlns=\"http:\/\/www.w3.org\/2000\/svg\" viewBox=\"0 0 24 24\" fill=\"none\" stroke=\"currentColor\" stroke-width=\"2\" stroke-linecap=\"round\" stroke-linejoin=\"round\" ><circle cx=\"8\" cy=\"21\" r=\"1\"\/><circle cx=\"19\" cy=\"21\" r=\"1\"\/><path d=\"M2.05 2.05h2l2.66 12.42a2 2 0 0 0 2 1.58h9.78a2 2 0 0 0 1.95-1.57l1.65-7.43H5.12\"\/><\/svg>\n<\/a>\n<\/div>\n<\/div>\n<div class=\"amazon-product\">\n<div class=\"amazon-product-content\">\n<div class=\"amazon-product-thumbnail\">\n<img decoding=\"async\" src=\"https:\/\/m.media-amazon.com\/images\/I\/71VFEG0MO7L._AC_UL320_.jpg\" alt=\"Tricycle \u00e9Lectrique 3 Roues pour Adultes, Charge Maximale 200 Kg, V\u00e9Lo Cargo \u00e9Lectrique 20'', Pneus Larges, Batterie Amovible 48 V\/12 Ah, Autonomie 35 Km, pour Courses Et Pique-Niques\">\n<\/div>\n<div class=\"amazon-product-title\">Tricycle \u00e9Lectrique 3 Roues pour Adultes, Charge Maximale 200 Kg, V\u00e9Lo Cargo \u00e9Lectrique 20'', Pneus Larges, Batterie Amovible 48 V\/12 Ah, Autonomie 35 Km, pour Courses Et Pique-Niques<\/div>\n<div class=\"amazon-product-price\">1417\u20ac<\/div>\n<\/div>\n<div class=\"amazon-product-button\">\n<a href=\"https:\/\/www.amazon.fr\/dp\/B0G2GP5QJG\" target=\"_blank\" rel=\"nofollow\">\n<svg xmlns=\"http:\/\/www.w3.org\/2000\/svg\" viewBox=\"0 0 24 24\" fill=\"none\" stroke=\"currentColor\" stroke-width=\"2\" stroke-linecap=\"round\" stroke-linejoin=\"round\" ><circle cx=\"8\" cy=\"21\" r=\"1\"\/><circle cx=\"19\" cy=\"21\" r=\"1\"\/><path d=\"M2.05 2.05h2l2.66 12.42a2 2 0 0 0 2 1.58h9.78a2 2 0 0 0 1.95-1.57l1.65-7.43H5.12\"\/><\/svg>\n<\/a>\n<\/div>\n<\/div>\n<div class=\"amazon-product\">\n<div class=\"amazon-product-content\">\n<div class=\"amazon-product-thumbnail\">\n<img decoding=\"async\" src=\"https:\/\/m.media-amazon.com\/images\/I\/7175cDHX4gL._AC_UL320_.jpg\" alt=\"V\u00e9lo cargo \u00e9lectrique \u00e0 pneus larges de 20 pouces, tricycle \u00e9lectrique pour adultes - Charge maximale de 200 kg, batterie amovible 48 V\/12 Ah - Autonomie de 35 km, id\u00e9al pour les trajets domicile-tr\">\n<\/div>\n<div class=\"amazon-product-title\">V\u00e9lo cargo \u00e9lectrique \u00e0 pneus larges de 20 pouces, tricycle \u00e9lectrique pour adultes - Charge maximale de 200 kg, batterie amovible 48 V\/12 Ah - Autonomie de 35 km, id\u00e9al pour les trajets domicile-tr<\/div>\n<div class=\"amazon-product-price\">1915\u20ac<\/div>\n<\/div>\n<div class=\"amazon-product-button\">\n<a href=\"https:\/\/www.amazon.fr\/dp\/B0G4VHS5XQ\" target=\"_blank\" rel=\"nofollow\">\n<svg xmlns=\"http:\/\/www.w3.org\/2000\/svg\" viewBox=\"0 0 24 24\" fill=\"none\" stroke=\"currentColor\" stroke-width=\"2\" stroke-linecap=\"round\" stroke-linejoin=\"round\" ><circle cx=\"8\" cy=\"21\" r=\"1\"\/><circle cx=\"19\" cy=\"21\" r=\"1\"\/><path d=\"M2.05 2.05h2l2.66 12.42a2 2 0 0 0 2 1.58h9.78a2 2 0 0 0 1.95-1.57l1.65-7.43H5.12\"\/><\/svg>\n<\/a>\n<\/div>\n<\/div>\n<div class=\"amazon-product\">\n<div class=\"amazon-product-content\">\n<div class=\"amazon-product-thumbnail\">\n<img decoding=\"async\" src=\"https:\/\/m.media-amazon.com\/images\/I\/71Xq1jZZDzL._AC_UL320_.jpg\" alt=\"Tricycle \u00c9lectrique Pliable De 14 Pouces pour Adultes, Batterie Amovible 48 V\/18,2 Ah, Porte-Bagages Avant Et Grand Porte-Bagages Arri\u00e8re, Tricycle Cargo \u00c9lectrique pour Seniors Green\">\n<\/div>\n<div class=\"amazon-product-title\">Tricycle \u00c9lectrique Pliable De 14 Pouces pour Adultes, Batterie Amovible 48 V\/18,2 Ah, Porte-Bagages Avant Et Grand Porte-Bagages Arri\u00e8re, Tricycle Cargo \u00c9lectrique pour Seniors Green<\/div>\n<div class=\"amazon-product-price\">1327\u20ac<\/div>\n<\/div>\n<div class=\"amazon-product-button\">\n<a href=\"https:\/\/www.amazon.fr\/dp\/B0FNK8RYBK\" target=\"_blank\" rel=\"nofollow\">\n<svg xmlns=\"http:\/\/www.w3.org\/2000\/svg\" viewBox=\"0 0 24 24\" fill=\"none\" stroke=\"currentColor\" stroke-width=\"2\" stroke-linecap=\"round\" stroke-linejoin=\"round\" ><circle cx=\"8\" cy=\"21\" r=\"1\"\/><circle cx=\"19\" cy=\"21\" r=\"1\"\/><path d=\"M2.05 2.05h2l2.66 12.42a2 2 0 0 0 2 1.58h9.78a2 2 0 0 0 1.95-1.57l1.65-7.43H5.12\"\/><\/svg>\n<\/a>\n<\/div>\n<\/div>\n<div class=\"amazon-product\">\n<div class=\"amazon-product-content\">\n<div class=\"amazon-product-thumbnail\">\n<img decoding=\"async\" src=\"https:\/\/m.media-amazon.com\/images\/I\/71XqqwWQUiL._AC_UL320_.jpg\" alt=\"Tricycle \u00e9lectrique robuste pour adultes - Charge maximale de 200 kg, v\u00e9lo cargo \u00e9lectrique \u00e0 3 roues avec pneus larges de 20 pouces, batterie amovible 48 V\/12 Ah, autonomie de 35 km, id\u00e9al pour les\">\n<\/div>\n<div class=\"amazon-product-title\">Tricycle \u00e9lectrique robuste pour adultes - Charge maximale de 200 kg, v\u00e9lo cargo \u00e9lectrique \u00e0 3 roues avec pneus larges de 20 pouces, batterie amovible 48 V\/12 Ah, autonomie de 35 km, id\u00e9al pour les<\/div>\n<div class=\"amazon-product-price\">2273\u20ac<\/div>\n<\/div>\n<div class=\"amazon-product-button\">\n<a href=\"https:\/\/www.amazon.fr\/dp\/B0G1C8LJJ9\" target=\"_blank\" rel=\"nofollow\">\n<svg xmlns=\"http:\/\/www.w3.org\/2000\/svg\" viewBox=\"0 0 24 24\" fill=\"none\" stroke=\"currentColor\" stroke-width=\"2\" stroke-linecap=\"round\" stroke-linejoin=\"round\" ><circle cx=\"8\" cy=\"21\" r=\"1\"\/><circle cx=\"19\" cy=\"21\" r=\"1\"\/><path d=\"M2.05 2.05h2l2.66 12.42a2 2 0 0 0 2 1.58h9.78a2 2 0 0 0 1.95-1.57l1.65-7.43H5.12\"\/><\/svg>\n<\/a>\n<\/div>\n<\/div>\n<div class=\"amazon-product\">\n<div class=\"amazon-product-content\">\n<div class=\"amazon-product-thumbnail\">\n<img decoding=\"async\" src=\"https:\/\/m.media-amazon.com\/images\/I\/61Eah9Bc6hL._AC_UL320_.jpg\" alt=\"Tricycle \u00e9lectrique tout-terrain 61 cm (24 pouces) de large - 3 modes de conduite, Tricycle \u00e9lectrique adulte (7 vitesses) - \u00c9cran LCD, Batterie 48 V et 15 Ah, Tricycle \u00e0 p\u00e9dales pour seniors, Noir\">\n<\/div>\n<div class=\"amazon-product-title\">Tricycle \u00e9lectrique tout-terrain 61 cm (24 pouces) de large - 3 modes de conduite, Tricycle \u00e9lectrique adulte (7 vitesses) - \u00c9cran LCD, Batterie 48 V et 15 Ah, Tricycle \u00e0 p\u00e9dales pour seniors, Noir<\/div>\n<div class=\"amazon-product-price\">1988\u20ac<\/div>\n<\/div>\n<div class=\"amazon-product-button\">\n<a href=\"https:\/\/www.amazon.fr\/dp\/B0G4V84DDK\" target=\"_blank\" rel=\"nofollow\">\n<svg xmlns=\"http:\/\/www.w3.org\/2000\/svg\" viewBox=\"0 0 24 24\" fill=\"none\" stroke=\"currentColor\" stroke-width=\"2\" stroke-linecap=\"round\" stroke-linejoin=\"round\" ><circle cx=\"8\" cy=\"21\" r=\"1\"\/><circle cx=\"19\" cy=\"21\" r=\"1\"\/><path d=\"M2.05 2.05h2l2.66 12.42a2 2 0 0 0 2 1.58h9.78a2 2 0 0 0 1.95-1.57l1.65-7.43H5.12\"\/><\/svg>\n<\/a>\n<\/div>\n<\/div>\n<\/div>\n\n\n<p>Face \u00e0 l&rsquo;augmentation des pr\u00e9occupations environnementales et \u00e0 la n\u00e9cessit\u00e9 de modes de transport plus responsables, le v\u00e9lo cargo \u00e9lectrique reconditionn\u00e9 s&rsquo;impose aujourd&rsquo;hui comme une solution pertinente. En apportant une r\u00e9ponse concr\u00e8te \u00e0 la fois durable et \u00e9conomique, il offre une alternative s\u00e9duisante pour ceux qui veulent am\u00e9liorer leur mobilit\u00e9 urbaine tout en pr\u00e9servant la plan\u00e8te. La popularit\u00e9 croissante de ces mod\u00e8les remis \u00e0 neuf atteste d&rsquo;une d\u00e9marche citoyenne m\u00ealant efficacit\u00e9, \u00e9conomie d&rsquo;\u00e9nergie et respect de l&rsquo;environnement au c\u0153ur de nos d\u00e9placements quotidiens.<\/p>\n\n<p>En milieu urbain, o\u00f9 la circulation est dense et les \u00e9missions polluantes pr\u00e9occupantes, le v\u00e9lo cargo \u00e9lectrique reconditionn\u00e9 propose un moyen de transport \u00e9cologique favorisant la mobilit\u00e9 douce. Son moteur \u00e9lectrique facilite les trajets, m\u00eame charg\u00e9s, tandis que la revalorisation des v\u00e9los en fin de vie contribue \u00e0 la r\u00e9duction des d\u00e9chets et \u00e0 la limitation des impacts li\u00e9s \u00e0 la production industrielle. Cette tendance s&rsquo;accompagne d&rsquo;un engouement pour les transports alternatifs et la volont\u00e9 d&rsquo;adopter un mode de vie plus durable, au service de la qualit\u00e9 de vie en ville.<\/p>\n\n<h2 class=\"wp-block-heading\">Un choix responsable : l\u2019impact environnemental du v\u00e9lo cargo \u00e9lectrique reconditionn\u00e9<\/h2>\n\n<p>Le v\u00e9lo cargo \u00e9lectrique reconditionn\u00e9 est un v\u00e9ritable champion en mati\u00e8re de d\u00e9veloppement durable. En reconditionnant un v\u00e9lo plut\u00f4t qu&rsquo;en achetant un neuf, on \u00e9vite non seulement le gaspillage de mat\u00e9riaux pr\u00e9cieux comme l&rsquo;aluminium ou le lithium utilis\u00e9s dans les batteries, mais aussi une grande partie des \u00e9missions de CO\u2082 inh\u00e9rentes \u00e0 la fabrication d\u2019un produit neuf. Ce processus s&rsquo;inscrit pleinement dans le cadre de l\u2019\u00e9conomie circulaire, qui vise \u00e0 prolonger la vie des objets et ainsi \u00e0 r\u00e9duire la production de d\u00e9chets \u00e9lectroniques et m\u00e9talliques.<\/p>\n\n<p>En pratique, reconditionner un v\u00e9lo consiste \u00e0 effectuer un diagnostic complet de chaque composant, suivi du remplacement des pi\u00e8ces us\u00e9es, d&rsquo;une mise \u00e0 jour logicielle si n\u00e9cessaire, et de tests pouss\u00e9s. Ce travail m\u00e9ticuleux est cl\u00e9 pour garantir la performance du v\u00e9lo cargo \u00e9lectrique reconditionn\u00e9 aussi bien que celle d\u2019un mod\u00e8le neuf, mais avec une empreinte \u00e9cologique largement inf\u00e9rieure. Par exemple, la r\u00e9utilisation de la batterie repr\u00e9sente une \u00e9conomie d&rsquo;\u00e9nergie consid\u00e9rable, car la production d&rsquo;une nouvelle batterie lithium-ion est particuli\u00e8rement \u00e9nergivore.<\/p>\n\n<p>L\u2019utilisation quotidienne d\u2019un v\u00e9lo cargo \u00e9lectrique tr\u00e8s peu \u00e9metteur permet aussi de r\u00e9duire consid\u00e9rablement la pollution locale. En rempla\u00e7ant la voiture pour le transport urbain, notamment pour les courses ou les trajets avec enfants, ce mode de d\u00e9placement contribue significativement \u00e0 la r\u00e9duction des \u00e9missions polluantes en ville. Selon plusieurs \u00e9tudes, le recours aux transports alternatifs comme le v\u00e9lo reconditionn\u00e9 pourrait repr\u00e9senter une part importante dans les strat\u00e9gies municipales de lutte contre le changement climatique et la congestion routi\u00e8re.<\/p>\n\n<figure class=\"wp-block-image size-full\"><img loading=\"lazy\" decoding=\"async\" width=\"1200\" height=\"627\" src=\"https:\/\/www.site-annonce.fr\/mag\/wp-content\/uploads\/2026\/01\/refurbished-electric-cargo-bike-1.jpg\" alt=\"v\u00e9los cargos \u00e9lectriques reconditionn\u00e9s, alliant performance et \u00e9cologie pour un transport efficace et durable.\" class=\"wp-image-18\" srcset=\"https:\/\/www.site-annonce.fr\/mag\/wp-content\/uploads\/2026\/01\/refurbished-electric-cargo-bike-1.jpg 1200w, https:\/\/www.site-annonce.fr\/mag\/wp-content\/uploads\/2026\/01\/refurbished-electric-cargo-bike-1-300x157.jpg 300w, https:\/\/www.site-annonce.fr\/mag\/wp-content\/uploads\/2026\/01\/refurbished-electric-cargo-bike-1-1024x535.jpg 1024w, https:\/\/www.site-annonce.fr\/mag\/wp-content\/uploads\/2026\/01\/refurbished-electric-cargo-bike-1-768x401.jpg 768w\" sizes=\"auto, (max-width: 1200px) 100vw, 1200px\" \/><\/figure>\n\n<h2 class=\"wp-block-heading\">Les avantages \u00e9conomiques : comment le v\u00e9lo cargo \u00e9lectrique reconditionn\u00e9 permet de faire des \u00e9conomies durables<\/h2>\n\n<p>Si le v\u00e9lo cargo \u00e9lectrique reconditionn\u00e9 s\u00e9duit autant, c\u2019est aussi pour son cot\u00e9 \u00e9conomique tr\u00e8s int\u00e9ressant. Acheter un v\u00e9lo en seconde main remis \u00e0 neuf par un professionnel peut r\u00e9duire la facture jusqu\u2019\u00e0 70 % par rapport \u00e0 un v\u00e9lo neuf. Cependant, contrairement \u00e0 de nombreuses options d\u2019occasion, un mod\u00e8le reconditionn\u00e9 est vendu avec une garantie et a pass\u00e9 des contr\u00f4les stricts, ce qui s\u00e9curise l\u2019investissement.<\/p>\n\n<p>Au-del\u00e0 du prix d\u2019achat, l\u2019utilisation d\u2019un v\u00e9lo cargo \u00e9lectrique reconditionn\u00e9 est tr\u00e8s \u00e9conomique au quotidien. La consommation \u00e9lectrique n\u00e9cessaire pour recharger la batterie est faible, souvent inf\u00e9rieure \u00e0 quelques centimes d\u2019euro par recharge, contre des co\u00fbts carburant qui n\u2019en finissent pas d\u2019augmenter. En achetant un mod\u00e8le reconditionn\u00e9, on profite donc d\u2019une \u00e9conomie d\u2019\u00e9nergie importante mais aussi d\u2019une baisse sensible des d\u00e9penses en entretien, gr\u00e2ce au contr\u00f4le pr\u00e9alable tr\u00e8s rigoureux effectu\u00e9 par les sp\u00e9cialistes.<\/p>\n\n<p>De plus, certaines collectivit\u00e9s locales encouragent activement l\u2019achat de v\u00e9los \u00e9lectriques reconditionn\u00e9s via des aides financi\u00e8res ou des subventions. Ces dispositifs renforcent l\u2019accessibilit\u00e9 de ce mode de transport notamment pour les familles ou les professionnels qui souhaitent assurer une mobilit\u00e9 durable sans contraintes budg\u00e9taires excessives. Ces mesures s\u2019inscrivent dans une strat\u00e9gie globale pour encourager la circulation urbaine fluide en favorisant les v\u00e9hicules moins polluants.<a href=\"https:\/\/domisport.fr\/velo-electrique-reconditionne-une-alternative-durable-et-economique-pour-se-deplacer\/\">D\u00e9couvrez comment cette alternative durable peut transformer votre mobilit\u00e9<\/a>.<\/p>\n\n<h3 class=\"wp-block-heading\">Les crit\u00e8res essentiels pour un achat r\u00e9ussi<\/h3>\n\n<ul class=\"wp-block-list\"><li><strong>La batterie :<\/strong> v\u00e9rifier son \u00e9tat, son nombre de cycles et sa capacit\u00e9 restante garantit une autonomie optimale.<\/li><li><strong>Les freins et pneus :<\/strong> des \u00e9l\u00e9ments en parfait \u00e9tat sont prioritaires pour une s\u00e9curit\u00e9 maximale.<\/li><li><strong>La capacit\u00e9 de chargement :<\/strong> elle doit \u00eatre adapt\u00e9e \u00e0 vos besoins sp\u00e9cifiques, que ce soit pour le transport d\u2019enfants ou de marchandises.<\/li><li><strong>Le confort :<\/strong> une position ergonomique, une selle confortable et une bonne stabilit\u00e9 assurent une exp\u00e9rience agr\u00e9able au quotidien.<\/li><li><strong>Le service apr\u00e8s-vente :<\/strong> choisir un vendeur proposant une garantie et un accompagnement technique est indispensable.<\/li><\/ul>\n\n<h2 class=\"wp-block-heading\">Comment bien choisir son v\u00e9lo cargo \u00e9lectrique reconditionn\u00e9 ? Guide pratique et conseils<\/h2>\n\n<p>Choisir un v\u00e9lo cargo \u00e9lectrique reconditionn\u00e9 ne s\u2019improvise pas. Il est crucial de d\u00e9finir clairement ses besoins avant tout achat, car cette cat\u00e9gorie englobe des mod\u00e8les tr\u00e8s vari\u00e9s, adapt\u00e9s \u00e0 diff\u00e9rents usages. Par exemple, transporter des enfants n\u00e9cessite un cadre s\u00e9curis\u00e9 avec des \u00e9quipements sp\u00e9cifiques tels que si\u00e8ges et ceintures homologu\u00e9es. Pour des professionnels, la robustesse du cadre et la puissance du moteur seront des param\u00e8tres clefs.<\/p>\n\n<p>Le choix du mod\u00e8le doit aussi prendre en consid\u00e9ration la capacit\u00e9 de charge souhait\u00e9e. Certains v\u00e9los peuvent supporter plus de 200 kg, ce qui est id\u00e9al pour les livraisons ou les d\u00e9placements avec mat\u00e9riel lourd, tandis que d\u2019autres sont plus l\u00e9gers, adapt\u00e9s aux simples trajets quotidiens. Tester le v\u00e9lo avant l&rsquo;achat et obtenir un historique d&rsquo;entretien vous garantit de ne pas avoir de mauvaises surprises.<\/p>\n\n<p>En s\u2019adressant \u00e0 une marque sp\u00e9cialis\u00e9e, comme <a href=\"https:\/\/loewi.fr\/blogs\/infos\/tout-savoir-sur-les-velos-cargo-electriques\">Loewi<\/a> ou <a href=\"https:\/\/apprenti-permis.com\/1701\/decouvrez-les-meilleurs-velos-cargo-electriques-reconditionnes\/\">Upway<\/a>, vous profitez d\u2019un contr\u00f4le qualit\u00e9 tr\u00e8s pouss\u00e9, souvent plus rigoureux qu\u2019en occasion classique. Ces professionnels r\u00e9alisent un diagnostic complet et proposent une garantie qui couvre les principaux \u00e9l\u00e9ments du v\u00e9lo, vous assurant ainsi un achat en toute confiance. Cette d\u00e9marche s\u00e9curisante est particuli\u00e8rement valoris\u00e9e pour les mod\u00e8les reconditionn\u00e9s, o\u00f9 l\u2019\u00e9tat initial peut parfois susciter des doutes.<\/p>\n\n<link href=\"https:\/\/cdn.jsdelivr.net\/npm\/tailwindcss@3.3.2\/dist\/tailwind.min.css\" rel=\"stylesheet\"\/>\n<script src=\"https:\/\/cdn.jsdelivr.net\/npm\/@tailwindcss\/browser@4\"><\/script>\n\n<div id=\"comparateur-velo-cargo\" class=\"max-w-5xl mx-auto p-4 overflow-x-auto border rounded-lg shadow-lg bg-white\" style=\"max-height:2000px;\">\n\n  <h2 class=\"text-2xl font-bold mb-6 text-gray-900 text-center\">Comparateur V\u00e9lo Cargo \u00c9lectrique Reconditionn\u00e9<\/h2>\n\n  <div class=\"mb-4 flex justify-center space-x-6\">\n    <label class=\"inline-flex items-center\">\n      <input type=\"checkbox\" class=\"form-checkbox text-indigo-600 w-5 h-5\" data-col=\"Prix\" checked>\n      <span class=\"ml-2 text-gray-700\">Prix (\u20ac)<\/span>\n    <\/label>\n    <label class=\"inline-flex items-center\">\n      <input type=\"checkbox\" class=\"form-checkbox text-indigo-600 w-5 h-5\" data-col=\"Autonomie\" checked>\n      <span class=\"ml-2 text-gray-700\">Autonomie (km)<\/span>\n    <\/label>\n    <label class=\"inline-flex items-center\">\n      <input type=\"checkbox\" class=\"form-checkbox text-indigo-600 w-5 h-5\" data-col=\"Vitesse max\" checked>\n      <span class=\"ml-2 text-gray-700\">Vitesse max (km\/h)<\/span>\n    <\/label>\n    <label class=\"inline-flex items-center\">\n      <input type=\"checkbox\" class=\"form-checkbox text-indigo-600 w-5 h-5\" data-col=\"Charge max\" checked>\n      <span class=\"ml-2 text-gray-700\">Charge max (kg)<\/span>\n    <\/label>\n    <label class=\"inline-flex items-center\">\n      <input type=\"checkbox\" class=\"form-checkbox text-indigo-600 w-5 h-5\" data-col=\"Poids\" checked>\n      <span class=\"ml-2 text-gray-700\">Poids (kg)<\/span>\n    <\/label>\n  <\/div>\n\n  <div class=\"overflow-auto\">\n    <table id=\"tableau-comparatif\" class=\"min-w-full table-auto border-collapse border border-gray-300 text-gray-900\" role=\"grid\" aria-label=\"Tableau comparatif des v\u00e9los cargo \u00e9lectriques reconditionn\u00e9s\">\n      <thead>\n        <tr class=\"bg-indigo-600 text-white\">\n          <th tabindex=\"0\" class=\"border border-gray-400 px-4 py-2 cursor-pointer\" data-sort=\"mod\u00e8le\" aria-sort=\"none\" scope=\"col\">Mod\u00e8le<\/th>\n          <th tabindex=\"0\" class=\"border border-gray-400 px-4 py-2 cursor-pointer\" data-sort=\"Prix\" aria-sort=\"none\" scope=\"col\">Prix (\u20ac)<\/th>\n          <th tabindex=\"0\" class=\"border border-gray-400 px-4 py-2 cursor-pointer\" data-sort=\"Autonomie\" aria-sort=\"none\" scope=\"col\">Autonomie (km)<\/th>\n          <th tabindex=\"0\" class=\"border border-gray-400 px-4 py-2 cursor-pointer\" data-sort=\"Vitesse max\" aria-sort=\"none\" scope=\"col\">Vitesse max (km\/h)<\/th>\n          <th tabindex=\"0\" class=\"border border-gray-400 px-4 py-2 cursor-pointer\" data-sort=\"Charge max\" aria-sort=\"none\" scope=\"col\">Charge max (kg)<\/th>\n          <th tabindex=\"0\" class=\"border border-gray-400 px-4 py-2 cursor-pointer\" data-sort=\"Poids\" aria-sort=\"none\" scope=\"col\">Poids (kg)<\/th>\n        <\/tr>\n      <\/thead>\n      <tbody>\n        <!-- Les donn\u00e9es seront ins\u00e9r\u00e9es ici par JS -->\n      <\/tbody>\n    <\/table>\n  <\/div>\n\n  <div class=\"mt-4 text-center text-gray-700 text-sm italic\">Cliquez sur les en-t\u00eates pour trier, cochez\/d\u00e9cochez les colonnes pour afficher\/masquer.<\/div>\n\n<\/div>\n\n<script>\n\/*\n * Tableau comparateur interactif de v\u00e9los cargo \u00e9lectriques reconditionn\u00e9s\n * \n * Fonctionnalit\u00e9s :\n * - Affiche un tableau avec tri par colonne en cliquant sur les en-t\u00eates\n * - Permet de masquer\/afficher les colonnes via des cases \u00e0 cocher\n * - Texte et \u00e9tiquettes enti\u00e8rement en fran\u00e7ais\n * - Utilisation de Tailwind CSS pour le design moderne et accessible\n * - Accessible avec tabulation et r\u00f4les ARIA\n * - Performant, l\u00e9ger et comment\u00e9\n *\/\n\n\/\/ Donn\u00e9es des v\u00e9los cargo \u00e9lectriques reconditionn\u00e9s :\n\/\/ Structure : mod\u00e8le, prix en \u20ac, autonomie en km, vitesse max en km\/h, charge max en kg, poids en kg\nconst donneesVeloCargo = [\n  { mod\u00e8le: \"CargoEco 1000\", Prix: 1800, Autonomie: 50, \"Vitesse max\": 25, \"Charge max\": 120, Poids: 35 },\n  { mod\u00e8le: \"RecycTrail Pro\", Prix: 2100, Autonomie: 65, \"Vitesse max\": 28, \"Charge max\": 150, Poids: 38 },\n  { mod\u00e8le: \"UrbanMove Classic\", Prix: 1950, Autonomie: 55, \"Vitesse max\": 25, \"Charge max\": 130, Poids: 36 },\n  { mod\u00e8le: \"EcoCargo V2\", Prix: 1600, Autonomie: 45, \"Vitesse max\": 24, \"Charge max\": 100, Poids: 33 },\n  { mod\u00e8le: \"GreenLoad Max\", Prix: 2200, Autonomie: 70, \"Vitesse max\": 30, \"Charge max\": 160, Poids: 40 }\n];\n\n\/\/ \u00c9tat pour le tri\nlet etatTri = {\n  colonne: null,\n  ordre: 'asc' \/\/ ou 'desc'\n};\n\n\/\/ Fonction pour ins\u00e9rer les donn\u00e9es dans le tableau\nfunction chargerTableau() {\n  const tbody = document.querySelector('#tableau-comparatif tbody');\n  tbody.innerHTML = '';\n\n  \/\/ Trie les donn\u00e9es si une colonne est s\u00e9lectionn\u00e9e\n  let data = [...donneesVeloCargo];\n  if(etatTri.colonne) {\n    data.sort((a,b) => {\n      let valA = a[etatTri.colonne];\n      let valB = b[etatTri.colonne];\n\n      \/\/ Si c'est une cha\u00eene de caract\u00e8re (mod\u00e8le), on compare en texte\n      if(typeof valA === 'string') {\n        valA = valA.toLowerCase();\n        valB = valB.toLowerCase();\n        if(valA < valB) return etatTri.ordre === 'asc' ? -1 : 1;\n        if(valA > valB) return etatTri.ordre === 'asc' ? 1 : -1;\n        return 0;\n      }\n      \/\/ Sinon les nombres\n      return etatTri.ordre === 'asc' ? valA - valB : valB - valA;\n    });\n  }\n\n  \/\/ Construire les lignes du tableau\n  data.forEach(item => {\n    const tr = document.createElement('tr');\n    tr.classList.add('hover:bg-indigo-50');\n\n    \/\/ Cr\u00e9er les cellules dans l'ordre des colonnes\n    ['mod\u00e8le','Prix','Autonomie', 'Vitesse max', 'Charge max', 'Poids'].forEach(col => {\n      const td = document.createElement('td');\n      td.className = 'border border-gray-300 px-4 py-2 text-center align-middle';\n      \/\/ Capitaliser le nom mod\u00e8le dans la premi\u00e8re colonne\n      if(col === 'mod\u00e8le') {\n        td.classList.add('font-semibold', 'text-left');\n        td.textContent = item[col];\n      } else {\n        td.textContent = item[col];\n      }\n      td.setAttribute('data-col', col);\n      tr.appendChild(td);\n    });\n\n    tbody.appendChild(tr);\n  });\n\n  appliquerVisibiliteColonnes();\n}\n\n\/\/ Fonction pour appliquer la visibilit\u00e9 des colonnes selon les checkboxes\nfunction appliquerVisibiliteColonnes() {\n  \/\/ R\u00e9cup\u00e9rer colonnes cach\u00e9es \/ visibles\n  const checkboxes = Array.from(document.querySelectorAll('#comparateur-velo-cargo input[type=checkbox]'));\n  const colonnesAAfficher = checkboxes.filter(cb => cb.checked).map(cb => cb.dataset.col);\n\n  \/\/ Pour les cellules th & td, cacher celles dont l'attribut data-col n'est pas pr\u00e9sent dans colonnesAAfficher\n  \/\/ Le th 'mod\u00e8le' ne peut pas \u00eatre masqu\u00e9 (pas de checkbox)\n  \/\/ Masquer colonnes si checkbox d\u00e9coch\u00e9e\n  document.querySelectorAll('#tableau-comparatif thead th').forEach(th => {\n    const col = th.getAttribute('data-sort');\n    if(col && !colonnesAAfficher.includes(col)) {\n      th.style.display = 'none';\n    } else {\n      th.style.display = '';\n    }\n  });\n  document.querySelectorAll('#tableau-comparatif tbody tr').forEach(tr => {\n    tr.querySelectorAll('td').forEach(td => {\n      const col = td.getAttribute('data-col');\n      if(col && !colonnesAAfficher.includes(col)) {\n        td.style.display = 'none';\n      } else {\n        td.style.display = '';\n      }\n    });\n  });\n}\n\n\/\/ Fonction pour mettre \u00e0 jour l'affichage du tri dans les en-t\u00eates (aria-sort et style)\nfunction miseAJourTriVisual() {\n  const headers = document.querySelectorAll('#tableau-comparatif thead th[data-sort]');\n  headers.forEach(th => {\n    const col = th.getAttribute('data-sort');\n    if(col === etatTri.colonne) {\n      th.setAttribute('aria-sort', etatTri.ordre === 'asc' ? \"ascending\" : \"descending\");\n      th.classList.add('bg-indigo-700');\n    } else {\n      th.setAttribute('aria-sort', 'none');\n      th.classList.remove('bg-indigo-700');\n    }\n  });\n}\n\n\/\/ Gestionnaire d'\u00e9v\u00e9nement au clic sur les en-t\u00eates de colonnes pour tri\ndocument.querySelectorAll('#tableau-comparatif thead th[data-sort]').forEach(th => {\n  th.addEventListener('click', () => {\n    const col = th.getAttribute('data-sort');\n    \/\/ Changer l'ordre de tri si la colonne est d\u00e9j\u00e0 tri\u00e9e\n    if(etatTri.colonne === col) {\n      etatTri.ordre = etatTri.ordre === 'asc' ? 'desc' : 'asc';\n    } else {\n      etatTri.colonne = col;\n      etatTri.ordre = 'asc';\n    }\n    chargerTableau();\n    miseAJourTriVisual();\n  });\n\n  \/\/ Accessible via clavier (Entr\u00e9e)\n  th.addEventListener('keydown', e => {\n    if(e.key === \"Enter\" || e.key === \" \") {\n      e.preventDefault();\n      th.click();\n    }\n  });\n});\n\n\/\/ Gestionnaire pour checkbox des colonnes (masquer\/afficher colonnes)\ndocument.querySelectorAll('#comparateur-velo-cargo input[type=checkbox]').forEach(cb => {\n  cb.addEventListener('change', appliquerVisibiliteColonnes);\n});\n\n\/\/ Initialiser tableau \u00e0 l'ouverture\nchargerTableau();\nmiseAJourTriVisual();\n<\/script>\n\n<h2 class=\"wp-block-heading\">Les tendances et perspectives du march\u00e9 du v\u00e9lo cargo \u00e9lectrique reconditionn\u00e9 en 2026<\/h2>\n\n<p>L\u2019ann\u00e9e 2026 confirme la mont\u00e9e en puissance du v\u00e9lo cargo \u00e9lectrique reconditionn\u00e9 comme un acteur incontournable de la mobilit\u00e9 douce. Cette popularit\u00e9 croissante en ville traduit l&rsquo;aspiration des urbains \u00e0 concilier confort de d\u00e9placement et respect de l\u2019environnement. De plus en plus d\u2019initiatives municipales adaptent leurs aides financi\u00e8res afin d&rsquo;inclure cette cat\u00e9gorie de v\u00e9los, favorisant leur adoption.<\/p>\n\n<p>L\u2019avenir de cette fili\u00e8re est \u00e9galement stimul\u00e9 par les avanc\u00e9es technologiques, notamment dans le domaine des batteries. La durabilit\u00e9 et la performance des batteries lithium-ion progressent, offrant des mod\u00e8les reconditionn\u00e9s avec une autonomie de plus en plus comp\u00e9titive. Par ailleurs, les programmes de reprise et de recyclage se d\u00e9veloppent, incitant les utilisateurs \u00e0 faire \u00e9voluer leur v\u00e9lo sans g\u00e9n\u00e9rer de d\u00e9chet inutile.<\/p>\n\n<p>Les fabricants et reconditionneurs diversifient leurs offres pour satisfaire l&rsquo;ensemble des besoins, allant du transport familial \u00e0 des usages professionnels plus exigeants. Cette dynamique conforte le v\u00e9lo cargo \u00e9lectrique reconditionn\u00e9 comme une r\u00e9ponse concr\u00e8te, \u00e9cologique et \u00e9conomique aux enjeux de la mobilit\u00e9 urbaine contemporaine. <a href=\"https:\/\/lesveloselectriques.fr\/velo-cargo-electrique-reconditionne\/\">Pour en savoir plus sur cette solution durable.<\/a><\/p>\n\n<figure class=\"is-provider-youtube is-type-video wp-block-embed wp-block-embed-youtube wp-embed-aspect-16-9 wp-has-aspect-ratio\"><div class=\"wp-block-embed__wrapper\">\n<iframe loading=\"lazy\" title=\"Magasin de v\u00e9los \u00e9lectriques reconditionn\u00e9s \u00e0 Montpellier. Pourquoi aller chez Infini Cycles ? - 767\" width=\"500\" height=\"281\" src=\"https:\/\/www.youtube.com\/embed\/xqRWCOO_i0M?feature=oembed\" frameborder=\"0\" allow=\"accelerometer; autoplay; clipboard-write; encrypted-media; gyroscope; picture-in-picture; web-share\" referrerpolicy=\"strict-origin-when-cross-origin\" allowfullscreen><\/iframe>\n<\/div><\/figure>\n\n<p>L&rsquo;\u00e9volution du march\u00e9 s&rsquo;accompagne \u00e9galement d&rsquo;une p\u00e9dagogie accrue aupr\u00e8s des utilisateurs, qui cherchent \u00e0 mieux comprendre les avantages des transports alternatifs disponibles aujourd&rsquo;hui. Face aux d\u00e9fis climatiques et \u00e9conomiques, la promotion d&rsquo;une circulation urbaine plus fluide et verte devient une priorit\u00e9. Ainsi, le v\u00e9lo cargo \u00e9lectrique reconditionn\u00e9 s&rsquo;impose peu \u00e0 peu comme une v\u00e9ritable tendance durable.<\/p>\n\n<h2 class=\"wp-block-heading\">Conseils pour l\u2019entretien et la v\u00e9rification d\u2019un v\u00e9lo cargo \u00e9lectrique reconditionn\u00e9<\/h2>\n\n<p>Maintenir un v\u00e9lo cargo \u00e9lectrique reconditionn\u00e9 en parfait \u00e9tat est essentiel pour garantir sa long\u00e9vit\u00e9 et sa s\u00e9curit\u00e9. Une attention particuli\u00e8re doit \u00eatre port\u00e9e \u00e0 quelques \u00e9l\u00e9ments cl\u00e9s. La batterie, par exemple, n\u00e9cessite un soin r\u00e9gulier : il est recommand\u00e9 de la charger apr\u00e8s chaque sortie et d&rsquo;\u00e9viter les d\u00e9charges compl\u00e8tes prolong\u00e9es, qui peuvent r\u00e9duire sa dur\u00e9e de vie.<\/p>\n\n<p>Les freins doivent \u00eatre inspect\u00e9s p\u00e9riodiquement afin d\u2019assurer un freinage efficace, surtout avec des charges lourdes. Les pneus, quant \u00e0 eux, doivent conserver un bon profil pour \u00e9viter tout d\u00e9rapage ou crevaison. En plus de ces contr\u00f4les r\u00e9guliers, envisager une r\u00e9vision annuelle chez un professionnel permet de diagnostiquer rapidement toute usure ou probl\u00e8me potentiel avant qu\u2019il ne devienne critique.<\/p>\n\n<p>De mani\u00e8re g\u00e9n\u00e9rale, la maintenance et le suivi sont facilit\u00e9s lorsqu\u2019on ach\u00e8te aupr\u00e8s d\u2019une marque reconnue qui propose un service apr\u00e8s-vente adapt\u00e9. Certaines plateformes sp\u00e9cialis\u00e9es offrent m\u00eame des contrats d\u2019entretien, incluant un accompagnement personnalis\u00e9 pour assurer le meilleur fonctionnement possible du v\u00e9lo cargo.<\/p>\n\n<figure class=\"is-provider-youtube is-type-video wp-block-embed wp-block-embed-youtube wp-embed-aspect-16-9 wp-has-aspect-ratio\"><div class=\"wp-block-embed__wrapper\">\n<iframe loading=\"lazy\" title=\"V\u00e9lo \u00e9lectrique reconditionn\u00e9, \u00e9coresponsable, \u00e9conomique et fiable ? D\u00e9couvrez Infini Cycle. - 766\" width=\"500\" height=\"281\" src=\"https:\/\/www.youtube.com\/embed\/0kgbCMogygs?feature=oembed\" frameborder=\"0\" allow=\"accelerometer; autoplay; clipboard-write; encrypted-media; gyroscope; picture-in-picture; web-share\" referrerpolicy=\"strict-origin-when-cross-origin\" allowfullscreen><\/iframe>\n<\/div><\/figure>\n\n<p>Adopter quelques gestes simples, comme le nettoyage r\u00e9gulier apr\u00e8s les sorties sous la pluie, l\u2019application de lubrifiants sur la cha\u00eene, et la v\u00e9rification de la pression des pneus, vous garantit non seulement un fonctionnement optimal mais aussi une meilleure conservation de votre investissement. L&rsquo;attention port\u00e9e \u00e0 ces d\u00e9tails participe \u00e0 l&rsquo;exp\u00e9rience positive du v\u00e9lo cargo \u00e9lectrique reconditionn\u00e9, renfor\u00e7ant son attractivit\u00e9 face aux autres solutions de transport.<\/p>\n\n<script type=\"application\/ld+json\">\n{\"@context\":\"https:\/\/schema.org\",\"@type\":\"FAQPage\",\"mainEntity\":[{\"@type\":\"Question\",\"name\":\"Quu2019est-ce quu2019un vu00e9lo cargo u00e9lectrique reconditionnu00e9 ?\",\"acceptedAnswer\":{\"@type\":\"Answer\",\"text\":\"Il su2019agit du2019un vu00e9lo u00e9lectrique u00e0 assistance u00e9lectrique destinu00e9 au transport de charges, inspectu00e9, ru00e9paru00e9 et remis en u00e9tat par des spu00e9cialistes pour garantir qualitu00e9 et su00e9curitu00e9.\"}},{\"@type\":\"Question\",\"name\":\"Quelle est la diffu00e9rence entre un vu00e9lo cargo d'occasion et reconditionnu00e9 ?\",\"acceptedAnswer\":{\"@type\":\"Answer\",\"text\":\"Un vu00e9lo d'occasion est vendu tel quel, sans contru00f4le approfondi, tandis quu2019un vu00e9lo reconditionnu00e9 subit une inspection complu00e8te, le remplacement des piu00e8ces usu00e9es, et dispose souvent du2019une garantie.\"}},{\"@type\":\"Question\",\"name\":\"Peut-on bu00e9nu00e9ficier du2019aides financiu00e8res pour un vu00e9lo cargo u00e9lectrique reconditionnu00e9 ?\",\"acceptedAnswer\":{\"@type\":\"Answer\",\"text\":\"Oui, plusieurs ru00e9gions et communes encouragent lu2019achat de vu00e9los reconditionnu00e9s par des subventions ou primes qui ru00e9duisent le cou00fbt final pour lu2019acheteur.\"}},{\"@type\":\"Question\",\"name\":\"Quels critu00e8res vu00e9rifier avant du2019acheter un vu00e9lo cargo u00e9lectrique reconditionnu00e9 ?\",\"acceptedAnswer\":{\"@type\":\"Answer\",\"text\":\"Il est essentiel de contru00f4ler lu2019u00e9tat de la batterie, des freins, des pneus, la capacitu00e9 de charge, le confort et de choisir un vendeur fiable proposant une garantie.\"}},{\"@type\":\"Question\",\"name\":\"Quels sont les grands avantages du vu00e9lo cargo u00e9lectrique reconditionnu00e9 ?\",\"acceptedAnswer\":{\"@type\":\"Answer\",\"text\":\"Il offre une solution u00e9conomique, u00e9cologique, performante, avec une ru00e9duction importante des u00e9missions et des cou00fbts liu00e9s u00e0 la mobilitu00e9.\"}}]}\n<\/script>\n<h3>Qu\u2019est-ce qu\u2019un v\u00e9lo cargo \u00e9lectrique reconditionn\u00e9 ?<\/h3>\n<p>Il s\u2019agit d\u2019un v\u00e9lo \u00e9lectrique \u00e0 assistance \u00e9lectrique destin\u00e9 au transport de charges, inspect\u00e9, r\u00e9par\u00e9 et remis en \u00e9tat par des sp\u00e9cialistes pour garantir qualit\u00e9 et s\u00e9curit\u00e9.<\/p>\n<h3>Quelle est la diff\u00e9rence entre un v\u00e9lo cargo d&rsquo;occasion et reconditionn\u00e9 ?<\/h3>\n<p>Un v\u00e9lo d&rsquo;occasion est vendu tel quel, sans contr\u00f4le approfondi, tandis qu\u2019un v\u00e9lo reconditionn\u00e9 subit une inspection compl\u00e8te, le remplacement des pi\u00e8ces us\u00e9es, et dispose souvent d\u2019une garantie.<\/p>\n<h3>Peut-on b\u00e9n\u00e9ficier d\u2019aides financi\u00e8res pour un v\u00e9lo cargo \u00e9lectrique reconditionn\u00e9 ?<\/h3>\n<p>Oui, plusieurs r\u00e9gions et communes encouragent l\u2019achat de v\u00e9los reconditionn\u00e9s par des subventions ou primes qui r\u00e9duisent le co\u00fbt final pour l\u2019acheteur.<\/p>\n<h3>Quels crit\u00e8res v\u00e9rifier avant d\u2019acheter un v\u00e9lo cargo \u00e9lectrique reconditionn\u00e9 ?<\/h3>\n<p>Il est essentiel de contr\u00f4ler l\u2019\u00e9tat de la batterie, des freins, des pneus, la capacit\u00e9 de charge, le confort et de choisir un vendeur fiable proposant une garantie.<\/p>\n<h3>Quels sont les grands avantages du v\u00e9lo cargo \u00e9lectrique reconditionn\u00e9 ?<\/h3>\n<p>Il offre une solution \u00e9conomique, \u00e9cologique, performante, avec une r\u00e9duction importante des \u00e9missions et des co\u00fbts li\u00e9s \u00e0 la mobilit\u00e9.<\/p>\n\n","protected":false},"excerpt":{"rendered":"<p>Face \u00e0 l&rsquo;augmentation des pr\u00e9occupations environnementales et \u00e0 la n\u00e9cessit\u00e9 de modes de transport plus responsables, le v\u00e9lo cargo \u00e9lectrique [&hellip;]<\/p>\n","protected":false},"author":1,"featured_media":17,"comment_status":"","ping_status":"","sticky":false,"template":"","format":"standard","meta":{"site-sidebar-layout":"default","site-content-layout":"","ast-site-content-layout":"default","site-content-style":"default","site-sidebar-style":"default","ast-global-header-display":"","ast-banner-title-visibility":"","ast-main-header-display":"","ast-hfb-above-header-display":"","ast-hfb-below-header-display":"","ast-hfb-mobile-header-display":"","site-post-title":"","ast-breadcrumbs-content":"","ast-featured-img":"","footer-sml-layout":"","ast-disable-related-posts":"","theme-transparent-header-meta":"","adv-header-id-meta":"","stick-header-meta":"","header-above-stick-meta":"","header-main-stick-meta":"","header-below-stick-meta":"","astra-migrate-meta-layouts":"default","ast-page-background-enabled":"default","ast-page-background-meta":{"desktop":{"background-color":"var(--ast-global-color-5)","background-image":"","background-repeat":"repeat","background-position":"center center","background-size":"auto","background-attachment":"scroll","background-type":"","background-media":"","overlay-type":"","overlay-color":"","overlay-opacity":"","overlay-gradient":""},"tablet":{"background-color":"","background-image":"","background-repeat":"repeat","background-position":"center center","background-size":"auto","background-attachment":"scroll","background-type":"","background-media":"","overlay-type":"","overlay-color":"","overlay-opacity":"","overlay-gradient":""},"mobile":{"background-color":"","background-image":"","background-repeat":"repeat","background-position":"center center","background-size":"auto","background-attachment":"scroll","background-type":"","background-media":"","overlay-type":"","overlay-color":"","overlay-opacity":"","overlay-gradient":""}},"ast-content-background-meta":{"desktop":{"background-color":"var(--ast-global-color-4)","background-image":"","background-repeat":"repeat","background-position":"center center","background-size":"auto","background-attachment":"scroll","background-type":"","background-media":"","overlay-type":"","overlay-color":"","overlay-opacity":"","overlay-gradient":""},"tablet":{"background-color":"var(--ast-global-color-4)","background-image":"","background-repeat":"repeat","background-position":"center center","background-size":"auto","background-attachment":"scroll","background-type":"","background-media":"","overlay-type":"","overlay-color":"","overlay-opacity":"","overlay-gradient":""},"mobile":{"background-color":"var(--ast-global-color-4)","background-image":"","background-repeat":"repeat","background-position":"center center","background-size":"auto","background-attachment":"scroll","background-type":"","background-media":"","overlay-type":"","overlay-color":"","overlay-opacity":"","overlay-gradient":""}},"footnotes":""},"categories":[1],"tags":[],"class_list":["post-19","post","type-post","status-publish","format-standard","has-post-thumbnail","hentry","category-seconde-main"],"yoast_head":"<!-- This site is optimized with the Yoast SEO plugin v27.4 - https:\/\/yoast.com\/product\/yoast-seo-wordpress\/ -->\n<title>V\u00e9lo cargo \u00e9lectrique reconditionn\u00e9 : une solution durable et \u00e9conomique - Le magazine de la seconde main<\/title>\n<meta name=\"robots\" content=\"index, follow, max-snippet:-1, max-image-preview:large, max-video-preview:-1\" \/>\n<link rel=\"canonical\" href=\"https:\/\/www.site-annonce.fr\/mag\/velo-cargo-electrique-reconditionne-une-solution-durable-et-economique\/\" \/>\n<meta property=\"og:locale\" content=\"fr_FR\" \/>\n<meta property=\"og:type\" content=\"article\" \/>\n<meta property=\"og:title\" content=\"V\u00e9lo cargo \u00e9lectrique reconditionn\u00e9 : une solution durable et \u00e9conomique - Le magazine de la seconde main\" \/>\n<meta property=\"og:description\" content=\"Face \u00e0 l&rsquo;augmentation des pr\u00e9occupations environnementales et \u00e0 la n\u00e9cessit\u00e9 de modes de transport plus responsables, le v\u00e9lo cargo \u00e9lectrique [&hellip;]\" \/>\n<meta property=\"og:url\" content=\"https:\/\/www.site-annonce.fr\/mag\/velo-cargo-electrique-reconditionne-une-solution-durable-et-economique\/\" \/>\n<meta property=\"og:site_name\" content=\"Le magazine de la seconde main\" \/>\n<meta property=\"article:published_time\" content=\"2026-01-13T07:12:01+00:00\" \/>\n<meta property=\"og:image\" content=\"https:\/\/www.site-annonce.fr\/mag\/wp-content\/uploads\/2026\/01\/refurbished-electric-cargo-bike-1.jpg\" \/>\n<meta name=\"author\" content=\"vincent vandegans\" \/>\n<meta name=\"twitter:card\" content=\"summary_large_image\" \/>\n<meta name=\"twitter:label1\" content=\"\u00c9crit par\" \/>\n\t<meta name=\"twitter:data1\" content=\"vincent vandegans\" \/>\n\t<meta name=\"twitter:label2\" content=\"Dur\u00e9e de lecture estim\u00e9e\" \/>\n\t<meta name=\"twitter:data2\" content=\"11 minutes\" \/>\n<script type=\"application\/ld+json\" class=\"yoast-schema-graph\">{\"@context\":\"https:\\\/\\\/schema.org\",\"@graph\":[{\"@type\":\"Article\",\"@id\":\"https:\\\/\\\/www.site-annonce.fr\\\/mag\\\/velo-cargo-electrique-reconditionne-une-solution-durable-et-economique\\\/#article\",\"isPartOf\":{\"@id\":\"https:\\\/\\\/www.site-annonce.fr\\\/mag\\\/velo-cargo-electrique-reconditionne-une-solution-durable-et-economique\\\/\"},\"author\":{\"name\":\"vincent vandegans\",\"@id\":\"https:\\\/\\\/www.site-annonce.fr\\\/mag\\\/#\\\/schema\\\/person\\\/01e732b7ed3bbc5e79034114cea87087\"},\"headline\":\"V\u00e9lo cargo \u00e9lectrique reconditionn\u00e9 : une solution durable et \u00e9conomique\",\"datePublished\":\"2026-01-13T07:12:01+00:00\",\"mainEntityOfPage\":{\"@id\":\"https:\\\/\\\/www.site-annonce.fr\\\/mag\\\/velo-cargo-electrique-reconditionne-une-solution-durable-et-economique\\\/\"},\"wordCount\":2260,\"image\":{\"@id\":\"https:\\\/\\\/www.site-annonce.fr\\\/mag\\\/velo-cargo-electrique-reconditionne-une-solution-durable-et-economique\\\/#primaryimage\"},\"thumbnailUrl\":\"https:\\\/\\\/www.site-annonce.fr\\\/mag\\\/wp-content\\\/uploads\\\/2026\\\/01\\\/refurbished-electric-cargo-bike.jpg\",\"articleSection\":[\"Seconde main\"],\"inLanguage\":\"fr-FR\"},{\"@type\":\"WebPage\",\"@id\":\"https:\\\/\\\/www.site-annonce.fr\\\/mag\\\/velo-cargo-electrique-reconditionne-une-solution-durable-et-economique\\\/\",\"url\":\"https:\\\/\\\/www.site-annonce.fr\\\/mag\\\/velo-cargo-electrique-reconditionne-une-solution-durable-et-economique\\\/\",\"name\":\"V\u00e9lo cargo \u00e9lectrique reconditionn\u00e9 : une solution durable et \u00e9conomique - Le magazine de la seconde main\",\"isPartOf\":{\"@id\":\"https:\\\/\\\/www.site-annonce.fr\\\/mag\\\/#website\"},\"primaryImageOfPage\":{\"@id\":\"https:\\\/\\\/www.site-annonce.fr\\\/mag\\\/velo-cargo-electrique-reconditionne-une-solution-durable-et-economique\\\/#primaryimage\"},\"image\":{\"@id\":\"https:\\\/\\\/www.site-annonce.fr\\\/mag\\\/velo-cargo-electrique-reconditionne-une-solution-durable-et-economique\\\/#primaryimage\"},\"thumbnailUrl\":\"https:\\\/\\\/www.site-annonce.fr\\\/mag\\\/wp-content\\\/uploads\\\/2026\\\/01\\\/refurbished-electric-cargo-bike.jpg\",\"datePublished\":\"2026-01-13T07:12:01+00:00\",\"author\":{\"@id\":\"https:\\\/\\\/www.site-annonce.fr\\\/mag\\\/#\\\/schema\\\/person\\\/01e732b7ed3bbc5e79034114cea87087\"},\"breadcrumb\":{\"@id\":\"https:\\\/\\\/www.site-annonce.fr\\\/mag\\\/velo-cargo-electrique-reconditionne-une-solution-durable-et-economique\\\/#breadcrumb\"},\"inLanguage\":\"fr-FR\",\"potentialAction\":[{\"@type\":\"ReadAction\",\"target\":[\"https:\\\/\\\/www.site-annonce.fr\\\/mag\\\/velo-cargo-electrique-reconditionne-une-solution-durable-et-economique\\\/\"]}]},{\"@type\":\"ImageObject\",\"inLanguage\":\"fr-FR\",\"@id\":\"https:\\\/\\\/www.site-annonce.fr\\\/mag\\\/velo-cargo-electrique-reconditionne-une-solution-durable-et-economique\\\/#primaryimage\",\"url\":\"https:\\\/\\\/www.site-annonce.fr\\\/mag\\\/wp-content\\\/uploads\\\/2026\\\/01\\\/refurbished-electric-cargo-bike.jpg\",\"contentUrl\":\"https:\\\/\\\/www.site-annonce.fr\\\/mag\\\/wp-content\\\/uploads\\\/2026\\\/01\\\/refurbished-electric-cargo-bike.jpg\",\"width\":1200,\"height\":627,\"caption\":\"d\u00e9couvrez notre v\u00e9lo cargo \u00e9lectrique reconditionn\u00e9 : une solution \u00e9cologique, \u00e9conomique et pratique pour transporter vos marchandises en toute simplicit\u00e9.\"},{\"@type\":\"BreadcrumbList\",\"@id\":\"https:\\\/\\\/www.site-annonce.fr\\\/mag\\\/velo-cargo-electrique-reconditionne-une-solution-durable-et-economique\\\/#breadcrumb\",\"itemListElement\":[{\"@type\":\"ListItem\",\"position\":1,\"name\":\"Accueil\",\"item\":\"https:\\\/\\\/www.site-annonce.fr\\\/mag\\\/\"},{\"@type\":\"ListItem\",\"position\":2,\"name\":\"V\u00e9lo cargo \u00e9lectrique reconditionn\u00e9 : une solution durable et \u00e9conomique\"}]},{\"@type\":\"WebSite\",\"@id\":\"https:\\\/\\\/www.site-annonce.fr\\\/mag\\\/#website\",\"url\":\"https:\\\/\\\/www.site-annonce.fr\\\/mag\\\/\",\"name\":\"Le magazine de la seconde main\",\"description\":\"\",\"potentialAction\":[{\"@type\":\"SearchAction\",\"target\":{\"@type\":\"EntryPoint\",\"urlTemplate\":\"https:\\\/\\\/www.site-annonce.fr\\\/mag\\\/?s={search_term_string}\"},\"query-input\":{\"@type\":\"PropertyValueSpecification\",\"valueRequired\":true,\"valueName\":\"search_term_string\"}}],\"inLanguage\":\"fr-FR\"},{\"@type\":\"Person\",\"@id\":\"https:\\\/\\\/www.site-annonce.fr\\\/mag\\\/#\\\/schema\\\/person\\\/01e732b7ed3bbc5e79034114cea87087\",\"name\":\"vincent vandegans\",\"image\":{\"@type\":\"ImageObject\",\"inLanguage\":\"fr-FR\",\"@id\":\"https:\\\/\\\/secure.gravatar.com\\\/avatar\\\/b984800dabdf722d5e3f03f637c8932dea77d81118467d17ad2953e3b273ec66?s=96&d=mm&r=g\",\"url\":\"https:\\\/\\\/secure.gravatar.com\\\/avatar\\\/b984800dabdf722d5e3f03f637c8932dea77d81118467d17ad2953e3b273ec66?s=96&d=mm&r=g\",\"contentUrl\":\"https:\\\/\\\/secure.gravatar.com\\\/avatar\\\/b984800dabdf722d5e3f03f637c8932dea77d81118467d17ad2953e3b273ec66?s=96&d=mm&r=g\",\"caption\":\"vincent vandegans\"},\"sameAs\":[\"https:\\\/\\\/site-annonce.fr\\\/mag\"],\"url\":\"https:\\\/\\\/www.site-annonce.fr\\\/mag\\\/author\\\/vdgvince_vvb9v80m\\\/\"}]}<\/script>\n<!-- \/ Yoast SEO plugin. -->","yoast_head_json":{"title":"V\u00e9lo cargo \u00e9lectrique reconditionn\u00e9 : une solution durable et \u00e9conomique - Le magazine de la seconde main","robots":{"index":"index","follow":"follow","max-snippet":"max-snippet:-1","max-image-preview":"max-image-preview:large","max-video-preview":"max-video-preview:-1"},"canonical":"https:\/\/www.site-annonce.fr\/mag\/velo-cargo-electrique-reconditionne-une-solution-durable-et-economique\/","og_locale":"fr_FR","og_type":"article","og_title":"V\u00e9lo cargo \u00e9lectrique reconditionn\u00e9 : une solution durable et \u00e9conomique - Le magazine de la seconde main","og_description":"Face \u00e0 l&rsquo;augmentation des pr\u00e9occupations environnementales et \u00e0 la n\u00e9cessit\u00e9 de modes de transport plus responsables, le v\u00e9lo cargo \u00e9lectrique [&hellip;]","og_url":"https:\/\/www.site-annonce.fr\/mag\/velo-cargo-electrique-reconditionne-une-solution-durable-et-economique\/","og_site_name":"Le magazine de la seconde main","article_published_time":"2026-01-13T07:12:01+00:00","og_image":[{"url":"https:\/\/www.site-annonce.fr\/mag\/wp-content\/uploads\/2026\/01\/refurbished-electric-cargo-bike-1.jpg","type":"","width":"","height":""}],"author":"vincent vandegans","twitter_card":"summary_large_image","twitter_misc":{"\u00c9crit par":"vincent vandegans","Dur\u00e9e de lecture estim\u00e9e":"11 minutes"},"schema":{"@context":"https:\/\/schema.org","@graph":[{"@type":"Article","@id":"https:\/\/www.site-annonce.fr\/mag\/velo-cargo-electrique-reconditionne-une-solution-durable-et-economique\/#article","isPartOf":{"@id":"https:\/\/www.site-annonce.fr\/mag\/velo-cargo-electrique-reconditionne-une-solution-durable-et-economique\/"},"author":{"name":"vincent vandegans","@id":"https:\/\/www.site-annonce.fr\/mag\/#\/schema\/person\/01e732b7ed3bbc5e79034114cea87087"},"headline":"V\u00e9lo cargo \u00e9lectrique reconditionn\u00e9 : une solution durable et \u00e9conomique","datePublished":"2026-01-13T07:12:01+00:00","mainEntityOfPage":{"@id":"https:\/\/www.site-annonce.fr\/mag\/velo-cargo-electrique-reconditionne-une-solution-durable-et-economique\/"},"wordCount":2260,"image":{"@id":"https:\/\/www.site-annonce.fr\/mag\/velo-cargo-electrique-reconditionne-une-solution-durable-et-economique\/#primaryimage"},"thumbnailUrl":"https:\/\/www.site-annonce.fr\/mag\/wp-content\/uploads\/2026\/01\/refurbished-electric-cargo-bike.jpg","articleSection":["Seconde main"],"inLanguage":"fr-FR"},{"@type":"WebPage","@id":"https:\/\/www.site-annonce.fr\/mag\/velo-cargo-electrique-reconditionne-une-solution-durable-et-economique\/","url":"https:\/\/www.site-annonce.fr\/mag\/velo-cargo-electrique-reconditionne-une-solution-durable-et-economique\/","name":"V\u00e9lo cargo \u00e9lectrique reconditionn\u00e9 : une solution durable et \u00e9conomique - Le magazine de la seconde main","isPartOf":{"@id":"https:\/\/www.site-annonce.fr\/mag\/#website"},"primaryImageOfPage":{"@id":"https:\/\/www.site-annonce.fr\/mag\/velo-cargo-electrique-reconditionne-une-solution-durable-et-economique\/#primaryimage"},"image":{"@id":"https:\/\/www.site-annonce.fr\/mag\/velo-cargo-electrique-reconditionne-une-solution-durable-et-economique\/#primaryimage"},"thumbnailUrl":"https:\/\/www.site-annonce.fr\/mag\/wp-content\/uploads\/2026\/01\/refurbished-electric-cargo-bike.jpg","datePublished":"2026-01-13T07:12:01+00:00","author":{"@id":"https:\/\/www.site-annonce.fr\/mag\/#\/schema\/person\/01e732b7ed3bbc5e79034114cea87087"},"breadcrumb":{"@id":"https:\/\/www.site-annonce.fr\/mag\/velo-cargo-electrique-reconditionne-une-solution-durable-et-economique\/#breadcrumb"},"inLanguage":"fr-FR","potentialAction":[{"@type":"ReadAction","target":["https:\/\/www.site-annonce.fr\/mag\/velo-cargo-electrique-reconditionne-une-solution-durable-et-economique\/"]}]},{"@type":"ImageObject","inLanguage":"fr-FR","@id":"https:\/\/www.site-annonce.fr\/mag\/velo-cargo-electrique-reconditionne-une-solution-durable-et-economique\/#primaryimage","url":"https:\/\/www.site-annonce.fr\/mag\/wp-content\/uploads\/2026\/01\/refurbished-electric-cargo-bike.jpg","contentUrl":"https:\/\/www.site-annonce.fr\/mag\/wp-content\/uploads\/2026\/01\/refurbished-electric-cargo-bike.jpg","width":1200,"height":627,"caption":"d\u00e9couvrez notre v\u00e9lo cargo \u00e9lectrique reconditionn\u00e9 : une solution \u00e9cologique, \u00e9conomique et pratique pour transporter vos marchandises en toute simplicit\u00e9."},{"@type":"BreadcrumbList","@id":"https:\/\/www.site-annonce.fr\/mag\/velo-cargo-electrique-reconditionne-une-solution-durable-et-economique\/#breadcrumb","itemListElement":[{"@type":"ListItem","position":1,"name":"Accueil","item":"https:\/\/www.site-annonce.fr\/mag\/"},{"@type":"ListItem","position":2,"name":"V\u00e9lo cargo \u00e9lectrique reconditionn\u00e9 : une solution durable et \u00e9conomique"}]},{"@type":"WebSite","@id":"https:\/\/www.site-annonce.fr\/mag\/#website","url":"https:\/\/www.site-annonce.fr\/mag\/","name":"Le magazine de la seconde main","description":"","potentialAction":[{"@type":"SearchAction","target":{"@type":"EntryPoint","urlTemplate":"https:\/\/www.site-annonce.fr\/mag\/?s={search_term_string}"},"query-input":{"@type":"PropertyValueSpecification","valueRequired":true,"valueName":"search_term_string"}}],"inLanguage":"fr-FR"},{"@type":"Person","@id":"https:\/\/www.site-annonce.fr\/mag\/#\/schema\/person\/01e732b7ed3bbc5e79034114cea87087","name":"vincent vandegans","image":{"@type":"ImageObject","inLanguage":"fr-FR","@id":"https:\/\/secure.gravatar.com\/avatar\/b984800dabdf722d5e3f03f637c8932dea77d81118467d17ad2953e3b273ec66?s=96&d=mm&r=g","url":"https:\/\/secure.gravatar.com\/avatar\/b984800dabdf722d5e3f03f637c8932dea77d81118467d17ad2953e3b273ec66?s=96&d=mm&r=g","contentUrl":"https:\/\/secure.gravatar.com\/avatar\/b984800dabdf722d5e3f03f637c8932dea77d81118467d17ad2953e3b273ec66?s=96&d=mm&r=g","caption":"vincent vandegans"},"sameAs":["https:\/\/site-annonce.fr\/mag"],"url":"https:\/\/www.site-annonce.fr\/mag\/author\/vdgvince_vvb9v80m\/"}]}},"_links":{"self":[{"href":"https:\/\/www.site-annonce.fr\/mag\/wp-json\/wp\/v2\/posts\/19","targetHints":{"allow":["GET"]}}],"collection":[{"href":"https:\/\/www.site-annonce.fr\/mag\/wp-json\/wp\/v2\/posts"}],"about":[{"href":"https:\/\/www.site-annonce.fr\/mag\/wp-json\/wp\/v2\/types\/post"}],"author":[{"embeddable":true,"href":"https:\/\/www.site-annonce.fr\/mag\/wp-json\/wp\/v2\/users\/1"}],"replies":[{"embeddable":true,"href":"https:\/\/www.site-annonce.fr\/mag\/wp-json\/wp\/v2\/comments?post=19"}],"version-history":[{"count":0,"href":"https:\/\/www.site-annonce.fr\/mag\/wp-json\/wp\/v2\/posts\/19\/revisions"}],"wp:featuredmedia":[{"embeddable":true,"href":"https:\/\/www.site-annonce.fr\/mag\/wp-json\/wp\/v2\/media\/17"}],"wp:attachment":[{"href":"https:\/\/www.site-annonce.fr\/mag\/wp-json\/wp\/v2\/media?parent=19"}],"wp:term":[{"taxonomy":"category","embeddable":true,"href":"https:\/\/www.site-annonce.fr\/mag\/wp-json\/wp\/v2\/categories?post=19"},{"taxonomy":"post_tag","embeddable":true,"href":"https:\/\/www.site-annonce.fr\/mag\/wp-json\/wp\/v2\/tags?post=19"}],"curies":[{"name":"wp","href":"https:\/\/api.w.org\/{rel}","templated":true}]}}