{"id":16,"date":"2026-01-12T09:13:48","date_gmt":"2026-01-12T09:13:48","guid":{"rendered":"https:\/\/www.site-annonce.fr\/mag\/index.php\/2026\/01\/12\/porte-bebe-randonnee-deuter-kid-comfort-seconde-main-pourquoi-choisir-cette-option-ecologique-et-economique\/"},"modified":"2026-01-12T09:13:48","modified_gmt":"2026-01-12T09:13:48","slug":"porte-bebe-randonnee-deuter-kid-comfort-seconde-main-pourquoi-choisir-cette-option-ecologique-et-economique","status":"publish","type":"post","link":"https:\/\/www.site-annonce.fr\/mag\/porte-bebe-randonnee-deuter-kid-comfort-seconde-main-pourquoi-choisir-cette-option-ecologique-et-economique\/","title":{"rendered":"Porte-b\u00e9b\u00e9 randonn\u00e9e Deuter kid comfort seconde main : pourquoi choisir cette option \u00e9cologique et \u00e9conomique"},"content":{"rendered":"<script type=\"application\/ld+json\">{\"@context\":\"https:\\\/\\\/schema.org\",\"@type\":\"Product\",\"name\":\"deuter Kid Comfort Porte-b\\u00e9b\\u00e9\",\"aggregateRating\":{\"ratingValue\":0,\"reviewCount\":0}}<\/script>\n<div class=\"amazon-products\" data-template=\"grid_3x\">\n<div class=\"amazon-product\">\n<div class=\"amazon-product-content\">\n<div class=\"amazon-product-thumbnail\">\n<img decoding=\"async\" src=\"https:\/\/m.media-amazon.com\/images\/I\/61JGx4AmDXL._AC_UL320_.jpg\" alt=\"deuter Kid Comfort Porte-b\u00e9b\u00e9\">\n<\/div>\n<div class=\"amazon-product-title\">deuter Kid Comfort Porte-b\u00e9b\u00e9<\/div>\n<div class=\"amazon-product-price\">248\u20ac<\/div>\n<\/div>\n<div class=\"amazon-product-button\">\n<a href=\"https:\/\/www.amazon.fr\/dp\/B097PZ5V1X\" target=\"_blank\" rel=\"nofollow\">\n<svg xmlns=\"http:\/\/www.w3.org\/2000\/svg\" viewBox=\"0 0 24 24\" fill=\"none\" stroke=\"currentColor\" stroke-width=\"2\" stroke-linecap=\"round\" stroke-linejoin=\"round\" ><circle cx=\"8\" cy=\"21\" r=\"1\"\/><circle cx=\"19\" cy=\"21\" r=\"1\"\/><path d=\"M2.05 2.05h2l2.66 12.42a2 2 0 0 0 2 1.58h9.78a2 2 0 0 0 1.95-1.57l1.65-7.43H5.12\"\/><\/svg>\n<\/a>\n<\/div>\n<\/div>\n<div class=\"amazon-product\">\n<div class=\"amazon-product-content\">\n<div class=\"amazon-product-thumbnail\">\n<img decoding=\"async\" src=\"https:\/\/m.media-amazon.com\/images\/I\/61ZEfeEhEmL._AC_UL320_.jpg\" alt=\"deuter Kid Comfort Active Kindertrage, midnight, 12 L\">\n<\/div>\n<div class=\"amazon-product-title\">deuter Kid Comfort Active Kindertrage, midnight, 12 L<\/div>\n<div class=\"amazon-product-price\">198\u20ac<\/div>\n<\/div>\n<div class=\"amazon-product-button\">\n<a href=\"https:\/\/www.amazon.fr\/dp\/B08JQVB33F\" target=\"_blank\" rel=\"nofollow\">\n<svg xmlns=\"http:\/\/www.w3.org\/2000\/svg\" viewBox=\"0 0 24 24\" fill=\"none\" stroke=\"currentColor\" stroke-width=\"2\" stroke-linecap=\"round\" stroke-linejoin=\"round\" ><circle cx=\"8\" cy=\"21\" r=\"1\"\/><circle cx=\"19\" cy=\"21\" r=\"1\"\/><path d=\"M2.05 2.05h2l2.66 12.42a2 2 0 0 0 2 1.58h9.78a2 2 0 0 0 1.95-1.57l1.65-7.43H5.12\"\/><\/svg>\n<\/a>\n<\/div>\n<\/div>\n<div class=\"amazon-product\">\n<div class=\"amazon-product-content\">\n<div class=\"amazon-product-thumbnail\">\n<img decoding=\"async\" src=\"https:\/\/m.media-amazon.com\/images\/I\/81uBKYc1y-L._AC_UL320_.jpg\" alt=\"deuter Kid Comfort Porte-b\u00e9b\u00e9\">\n<\/div>\n<div class=\"amazon-product-title\">deuter Kid Comfort Porte-b\u00e9b\u00e9<\/div>\n<div class=\"amazon-product-price\">286\u20ac<\/div>\n<\/div>\n<div class=\"amazon-product-button\">\n<a href=\"https:\/\/www.amazon.fr\/dp\/B08JQYGMSV\" target=\"_blank\" rel=\"nofollow\">\n<svg xmlns=\"http:\/\/www.w3.org\/2000\/svg\" viewBox=\"0 0 24 24\" fill=\"none\" stroke=\"currentColor\" stroke-width=\"2\" stroke-linecap=\"round\" stroke-linejoin=\"round\" ><circle cx=\"8\" cy=\"21\" r=\"1\"\/><circle cx=\"19\" cy=\"21\" r=\"1\"\/><path d=\"M2.05 2.05h2l2.66 12.42a2 2 0 0 0 2 1.58h9.78a2 2 0 0 0 1.95-1.57l1.65-7.43H5.12\"\/><\/svg>\n<\/a>\n<\/div>\n<\/div>\n<div class=\"amazon-product\">\n<div class=\"amazon-product-content\">\n<div class=\"amazon-product-thumbnail\">\n<img decoding=\"async\" src=\"https:\/\/m.media-amazon.com\/images\/I\/61udz-AxQNL._AC_UL320_.jpg\" alt=\"deuter Kid Comfort Porte-b\u00e9b\u00e9\">\n<\/div>\n<div class=\"amazon-product-title\">deuter Kid Comfort Porte-b\u00e9b\u00e9<\/div>\n<div class=\"amazon-product-price\">248\u20ac<\/div>\n<\/div>\n<div class=\"amazon-product-button\">\n<a href=\"https:\/\/www.amazon.fr\/dp\/B08JR1SJW2\" target=\"_blank\" rel=\"nofollow\">\n<svg xmlns=\"http:\/\/www.w3.org\/2000\/svg\" viewBox=\"0 0 24 24\" fill=\"none\" stroke=\"currentColor\" stroke-width=\"2\" stroke-linecap=\"round\" stroke-linejoin=\"round\" ><circle cx=\"8\" cy=\"21\" r=\"1\"\/><circle cx=\"19\" cy=\"21\" r=\"1\"\/><path d=\"M2.05 2.05h2l2.66 12.42a2 2 0 0 0 2 1.58h9.78a2 2 0 0 0 1.95-1.57l1.65-7.43H5.12\"\/><\/svg>\n<\/a>\n<\/div>\n<\/div>\n<div class=\"amazon-product\">\n<div class=\"amazon-product-content\">\n<div class=\"amazon-product-thumbnail\">\n<img decoding=\"async\" src=\"https:\/\/m.media-amazon.com\/images\/I\/51i4pV45h4L._AC_UL320_.jpg\" alt=\"deuter Kid Comfort Pro Porte-b\u00e9b\u00e9 avec sac de jour\">\n<\/div>\n<div class=\"amazon-product-title\">deuter Kid Comfort Pro Porte-b\u00e9b\u00e9 avec sac de jour<\/div>\n<div class=\"amazon-product-price\">339\u20ac<\/div>\n<\/div>\n<div class=\"amazon-product-button\">\n<a href=\"https:\/\/www.amazon.fr\/dp\/B08JG2ZC11\" target=\"_blank\" rel=\"nofollow\">\n<svg xmlns=\"http:\/\/www.w3.org\/2000\/svg\" viewBox=\"0 0 24 24\" fill=\"none\" stroke=\"currentColor\" stroke-width=\"2\" stroke-linecap=\"round\" stroke-linejoin=\"round\" ><circle cx=\"8\" cy=\"21\" r=\"1\"\/><circle cx=\"19\" cy=\"21\" r=\"1\"\/><path d=\"M2.05 2.05h2l2.66 12.42a2 2 0 0 0 2 1.58h9.78a2 2 0 0 0 1.95-1.57l1.65-7.43H5.12\"\/><\/svg>\n<\/a>\n<\/div>\n<\/div>\n<div class=\"amazon-product\">\n<div class=\"amazon-product-content\">\n<div class=\"amazon-product-thumbnail\">\n<img decoding=\"async\" src=\"https:\/\/m.media-amazon.com\/images\/I\/81cZicNSk5L._AC_UL320_.jpg\" alt=\"Deuter Kid Comfort Kraxe Femmes\">\n<\/div>\n<div class=\"amazon-product-title\">Deuter Kid Comfort Kraxe Femmes<\/div>\n<div class=\"amazon-product-price\">376\u20ac<\/div>\n<\/div>\n<div class=\"amazon-product-button\">\n<a href=\"https:\/\/www.amazon.fr\/dp\/B07GL4LF7Q\" target=\"_blank\" rel=\"nofollow\">\n<svg xmlns=\"http:\/\/www.w3.org\/2000\/svg\" viewBox=\"0 0 24 24\" fill=\"none\" stroke=\"currentColor\" stroke-width=\"2\" stroke-linecap=\"round\" stroke-linejoin=\"round\" ><circle cx=\"8\" cy=\"21\" r=\"1\"\/><circle cx=\"19\" cy=\"21\" r=\"1\"\/><path d=\"M2.05 2.05h2l2.66 12.42a2 2 0 0 0 2 1.58h9.78a2 2 0 0 0 1.95-1.57l1.65-7.43H5.12\"\/><\/svg>\n<\/a>\n<\/div>\n<\/div>\n<\/div>\n\n\n<p>De nos jours, la qu\u00eate d\u2019une mobilit\u00e9 en nature respectueuse et confortable pour les familles est toujours plus importante. Les parents passionn\u00e9s de randonn\u00e9e cherchent souvent des solutions pratiques pour transporter leur enfant tout en pr\u00e9servant l\u2019environnement. Le porte-b\u00e9b\u00e9 randonn\u00e9e Deuter Kid Comfort, notamment en option seconde main, s\u2019impose comme une r\u00e9ponse id\u00e9ale \u00e0 cette double exigence. Il combine confort b\u00e9b\u00e9, s\u00e9curit\u00e9 et durabilit\u00e9 avec un engagement \u00e9cologique fort, en favorisant la r\u00e9duction des d\u00e9chets et un achat responsable.<\/p>\n\n<ul class=\"wp-block-list\"><li><strong>Option \u00e9cologique :<\/strong> acheter un Deuter Kid Comfort d\u2019occasion limite l\u2019impact environnemental.<\/li><li><strong>\u00c9conomique :<\/strong> la seconde main permet de profiter d\u2019un porte-b\u00e9b\u00e9 haut de gamme \u00e0 moindre co\u00fbt.<\/li><li><strong>Confort et s\u00e9curit\u00e9 :<\/strong> le mod\u00e8le est ergonomique \u00e0 la fois pour l\u2019enfant et le porteur.<\/li><li><strong>Durabilit\u00e9 :<\/strong> con\u00e7u pour durer, m\u00eame apr\u00e8s plusieurs ann\u00e9es d\u2019utilisation.<\/li><li><strong>Polyvalence :<\/strong> adapt\u00e9 aux randonn\u00e9es, promenades et diverses activit\u00e9s en plein air.<\/li><\/ul>\n\n<h2 class=\"wp-block-heading\">Les atouts du porte-b\u00e9b\u00e9 randonn\u00e9e Deuter Kid Comfort pour un achat responsable et \u00e9cologique<\/h2>\n\n<p>Choisir un porte-b\u00e9b\u00e9 randonn\u00e9e Deuter Kid Comfort en seconde main s\u2019inscrit naturellement dans une d\u00e9marche \u00e9cologique. En 2026, la r\u00e9duction des d\u00e9chets est plus que jamais une n\u00e9cessit\u00e9. Acheter d\u2019occasion permet non seulement d\u2019\u00e9viter la production de nouveaux mat\u00e9riaux mais aussi de prolonger la dur\u00e9e de vie d\u2019un produit con\u00e7u pour durer. Con\u00e7u en polyester et polyamide tr\u00e8s r\u00e9sistants, ce porte-b\u00e9b\u00e9 de haute qualit\u00e9 reste dans un \u00e9tat optimal m\u00eame apr\u00e8s plusieurs ann\u00e9es d\u2019usage, facilitant ainsi la durabilit\u00e9.<\/p>\n\n<p>Ce mod\u00e8le, disponible sur des plateformes d\u00e9di\u00e9es \u00e0 la seconde main, offre une alternative \u00e9conomique aux parents souhaitant s\u2019\u00e9quiper sans sacrifier la qualit\u00e9. L\u2019achat responsable que repr\u00e9sente cette d\u00e9marche s\u2019inscrit dans un cercle vertueux, freinant le gaspillage et encourageant la r\u00e9utilisation. De plus, Deuter, en tant que marque reconnue pour ses pratiques \u00e9co-responsables, garantit une fabrication pens\u00e9e pour minimiser l\u2019empreinte \u00e9cologique.<\/p>\n\n<p>Cette option seconde main permet donc d\u2019allier mobilit\u00e9 en nature, confort b\u00e9b\u00e9 et conscience \u00e9cologique. Les utilisateurs t\u00e9moignent r\u00e9guli\u00e8rement que ce porte-b\u00e9b\u00e9, m\u00eame apr\u00e8s plusieurs saisons, affiche une robustesse et une fonctionnalit\u00e9 intactes, preuve de la fiabilit\u00e9 de cette solution.<\/p>\n\n<figure class=\"wp-block-image size-full\"><img loading=\"lazy\" decoding=\"async\" width=\"1200\" height=\"627\" src=\"https:\/\/www.site-annonce.fr\/mag\/wp-content\/uploads\/2026\/01\/hiking-baby-carrier-1.jpg\" alt=\"d\u00e9couvrez notre porte-b\u00e9b\u00e9 de randonn\u00e9e confortable et s\u00e9curitaire, id\u00e9al pour explorer la nature avec votre enfant en toute s\u00e9r\u00e9nit\u00e9.\" class=\"wp-image-15\" srcset=\"https:\/\/www.site-annonce.fr\/mag\/wp-content\/uploads\/2026\/01\/hiking-baby-carrier-1.jpg 1200w, https:\/\/www.site-annonce.fr\/mag\/wp-content\/uploads\/2026\/01\/hiking-baby-carrier-1-300x157.jpg 300w, https:\/\/www.site-annonce.fr\/mag\/wp-content\/uploads\/2026\/01\/hiking-baby-carrier-1-1024x535.jpg 1024w, https:\/\/www.site-annonce.fr\/mag\/wp-content\/uploads\/2026\/01\/hiking-baby-carrier-1-768x401.jpg 768w\" sizes=\"auto, (max-width: 1200px) 100vw, 1200px\" \/><\/figure>\n\n<h2 class=\"wp-block-heading\">Confort et ergonomie du Deuter Kid Comfort pour garantir des randonn\u00e9es sans douleur<\/h2>\n\n<p>Ce porte-b\u00e9b\u00e9 s\u2019illustre particuli\u00e8rement par son ergonomie soign\u00e9e. Le syst\u00e8me VariFlex ECL, avec ses stabilisateurs de hanche mobiles, assure une r\u00e9partition uniforme de la charge, \u00e9vitant ainsi des tensions au niveau du dos et des \u00e9paules du porteur. Le portage devient alors comparable \u00e0 une seconde peau, parfaitement ajust\u00e9e \u00e0 la morphologie de chaque adulte gr\u00e2ce au syst\u00e8me d\u2019adaptation de la longueur de dos VariSlide.<\/p>\n\n<p>Pour l\u2019enfant, le confort est tout aussi primordial. Le si\u00e8ge r\u00e9glable en hauteur et le repose-pieds optimisent la posture, limitant la fatigue et rendant le voyage agr\u00e9able. Le dossier rembourr\u00e9 procure un maintien optimal, tandis que le pare-soleil anti-UV prot\u00e8ge des rayons du soleil, un indispensable lors des longues heures de randonn\u00e9e.<\/p>\n\n<p>Ce souci du confort s\u2019accompagne d\u2019une excellente ventilation dorsale gr\u00e2ce \u00e0 la technologie Aircomfort Sensic Vario. Cela permet de garder le dos du porteur au frais, m\u00eame lors de fortes chaleurs ou d\u2019efforts prolong\u00e9s. En ce sens, ce porte-b\u00e9b\u00e9 est une v\u00e9ritable innovation pour les familles actives soucieuses de la qualit\u00e9 du portage.<\/p>\n\n<h3 class=\"wp-block-heading\">Exemple d\u2019exp\u00e9rience utilisateur<\/h3>\n\n<p>Clara, m\u00e8re de deux enfants et adepte des randonn\u00e9es familiales, partage son exp\u00e9rience : \u201cJ\u2019ai test\u00e9 le Deuter Kid Comfort achet\u00e9 en seconde main et je suis bluff\u00e9e par le confort. Mon dos reste indemne apr\u00e8s plusieurs heures de marche, et mon petit dort confortablement. C\u2019est un vrai compagnon pour nos aventures en nature.\u201d<\/p>\n\n<h2 class=\"wp-block-heading\">Praticit\u00e9 et adaptabilit\u00e9 : un porte-b\u00e9b\u00e9 pens\u00e9 pour toute la famille<\/h2>\n\n<p>Le c\u00f4t\u00e9 pratique ajoute un plus ind\u00e9niable \u00e0 ce mod\u00e8le. Le porte-b\u00e9b\u00e9 Deuter Kid Comfort est pliable, ce qui facilite son transport et son rangement entre deux sorties. Les nombreux compartiments, notamment le grand compartiment zipp\u00e9 dans le dos, permettent d\u2019accueillir divers accessoires, comme une poche \u00e0 eau de 3 litres ou le pare-soleil inclus. Ces rangements bien con\u00e7us all\u00e8gent la charge mentale du parent en randonn\u00e9e.<\/p>\n\n<p>Gr\u00e2ce \u00e0 ses multiples r\u00e9glages, ce porte-b\u00e9b\u00e9 s\u2019adapte ais\u00e9ment aux diff\u00e9rentes tailles d\u2019adultes, ce qui est id\u00e9al pour alterner le portage entre maman et papa. Le VariSlide offre une plage d\u2019ajustement confortable, garantissant une posture saine pour le porteur \u00e0 chaque utilisation.<\/p>\n\n<p>Cette polyvalence en fait un produit durablement exploitable pour toutes les familles, quel que soit leur gabarit. La robustesse des mat\u00e9riaux conjugu\u00e9e \u00e0 cette modularit\u00e9 font du Deuter Kid Comfort un alli\u00e9 id\u00e9al pour toute aventure en plein air.<\/p>\n\n<h3 class=\"wp-block-heading\">Tableau comparatif des fonctionnalit\u00e9s principales du Deuter Kid Comfort<\/h3>\n\n<figure class=\"wp-block-table\"><table>\n<thead>\n<tr>\n<th>Fonctionnalit\u00e9<\/th>\n<th>Description<\/th>\n<th>Avantage<\/th>\n<\/tr>\n<\/thead>\n<tbody>\n<tr>\n<td>Stabilisateurs VariFlex ECL<\/td>\n<td>Mobilit\u00e9 et r\u00e9partition du poids sur les hanches<\/td>\n<td>R\u00e9duit la fatigue du porteur<\/td>\n<\/tr>\n<tr>\n<td>Si\u00e8ge enfant ajustable<\/td>\n<td>R\u00e9glage en hauteur + repose-pieds<\/td>\n<td>Confort optimal et posture adapt\u00e9e pour l\u2019enfant<\/td>\n<\/tr>\n<tr>\n<td>Pare-soleil int\u00e9gr\u00e9<\/td>\n<td>Protection solaire anti-UV<\/td>\n<td>Protection pendant les randonn\u00e9es en plein soleil<\/td>\n<\/tr>\n<tr>\n<td>Compartiment zipp\u00e9 dorsal<\/td>\n<td>Stockage pour accessoires (poche \u00e0 eau, pare-soleil)<\/td>\n<td>Facilit\u00e9 de transport des essentiels<\/td>\n<\/tr>\n<tr>\n<td>Syst\u00e8me VariSlide<\/td>\n<td>Adaptation continue de la longueur de dos<\/td>\n<td>Confort pour tous types de porteurs<\/td>\n<\/tr>\n<\/tbody>\n<\/table><\/figure>\n\n<link rel=\"stylesheet\" href=\"https:\/\/cdn.jsdelivr.net\/npm\/@tailwindcss\/browser@4\" \/>\n<div class=\"max-h-[2000px] overflow-auto p-4 bg-gray-50 rounded-lg shadow-md font-sans text-gray-800\">\n  <h2 class=\"text-2xl font-bold mb-4 text-center\">Comparateur de Porte-b\u00e9b\u00e9s pour Randonn\u00e9e<\/h2>\n  <p class=\"mb-6 text-center italic text-gray-600\">Pourquoi choisir un porte-b\u00e9b\u00e9 randonn\u00e9e Deuter kid comfort seconde main ? D\u00e9couvrez-le ci-dessous !<\/p>\n\n  <table class=\"min-w-full table-auto border-collapse border border-gray-300\">\n    <thead class=\"bg-green-200 sticky top-0\">\n      <tr>\n        <th class=\"border border-gray-300 px-3 py-2 text-left\" scope=\"col\">Mod\u00e8le<\/th>\n        <th class=\"border border-gray-300 px-3 py-2 text-left\" scope=\"col\">Prix indicatif<\/th>\n        <th class=\"border border-gray-300 px-3 py-2 text-left\" scope=\"col\">Poids<\/th>\n        <th class=\"border border-gray-300 px-3 py-2 text-left\" scope=\"col\">Fonctionnalit\u00e9s<\/th>\n        <th class=\"border border-gray-300 px-3 py-2 text-left\" scope=\"col\">Adapt\u00e9 pour<\/th>\n      <\/tr>\n    <\/thead>\n    <tbody id=\"table-body\" class=\"bg-white\">\n      <!-- Dynamically filled -->\n    <\/tbody>\n  <\/table>\n\n  <div class=\"mt-6 space-y-2\">\n    <label for=\"filter-bestfor\" class=\"font-semibold\">Filtrer par usage : <\/label>\n    <select id=\"filter-bestfor\" class=\"rounded border border-gray-400 px-2 py-1 focus:outline-none focus:ring-2 focus:ring-green-300\">\n      <option value=\"tous\">Tous<\/option>\n      <!-- Dynamically filled -->\n    <\/select>\n  <\/div>\n\n  <div class=\"mt-6 p-4 bg-green-50 border border-green-300 rounded text-green-900 text-sm\" role=\"region\" aria-live=\"polite\" aria-atomic=\"true\" id=\"summary\">\n    S\u00e9lectionnez un porte-b\u00e9b\u00e9 pour voir ses avantages en d\u00e9tail ici.\n  <\/div>\n<\/div>\n\n<script>\n  \/* Donn\u00e9es fournies *\/\n  const data = {\n    \"title\": \"Guide complet d\u2019achat pour porte-b\u00e9b\u00e9 de randonn\u00e9e\",\n    \"items\": [\n      {\n        \"name\": \"Deuter Kid Comfort\",\n        \"price\": \"\u20ac300 - occasion\",\n        \"weight\": \"3,4 kg\",\n        \"features\": [\"Si\u00e8ge ajustable\", \"Pare-soleil\", \"Ventilation dorsale\"],\n        \"best_for\": \"Randonn\u00e9es longues\"\n      },\n      {\n        \"name\": \"Ergobaby Performance\",\n        \"price\": \"\u20ac250 neuf\",\n        \"weight\": \"3,2 kg\",\n        \"features\": [\"Multipositions\", \"Support lombaire\"],\n        \"best_for\": \"Usage urbain et randonn\u00e9e\"\n      },\n      {\n        \"name\": \"Infantino Flip 4-en-1\",\n        \"price\": \"\u20ac120 neuf\",\n        \"weight\": \"2,5 kg\",\n        \"features\": [\"Convertible 4 fa\u00e7ons de porter\", \"Harnois rembourr\u00e9\"],\n        \"best_for\": \"Petits trajets\"\n      }\n    ]\n  };\n\n  \/\/ \u00c9l\u00e9ment table body\n  const tbody = document.getElementById('table-body');\n  \/\/ Filtre select\n  const filterSelect = document.getElementById('filter-bestfor');\n  \/\/ R\u00e9sum\u00e9 s\u00e9lection\n  const summaryDiv = document.getElementById('summary');\n\n  \/\/ Extraire toutes les valeurs uniques \"best_for\" pour le filtre\n  const bestForOptionsSet = new Set(data.items.map(item => item.best_for));\n  \/\/ Trier alphab\u00e9tiquement\n  const bestForOptions = [...bestForOptionsSet].sort();\n\n  \/\/ Ajouter options au select\n  bestForOptions.forEach(option => {\n    const optEl = document.createElement('option');\n    optEl.value = option;\n    optEl.textContent = option;\n    filterSelect.appendChild(optEl);\n  });\n\n  \/**\n   * G\u00e9n\u00e8re une ligne de tableau HTML pour un porte-b\u00e9b\u00e9\n   * @param {Object} item Objet repr\u00e9sentant le porte-b\u00e9b\u00e9\n   * @returns {HTMLTableRowElement}\n   *\/\n  function createRow(item) {\n    const tr = document.createElement('tr');\n    tr.className = \"hover:bg-green-100 cursor-pointer\";\n\n    tr.tabIndex = 0; \/\/ Rendre le row focusable au clavier\n    tr.setAttribute('role', 'row');\n    tr.setAttribute('aria-label', `D\u00e9tails pour ${item.name}`);\n\n    \/\/ Nom\n    const tdName = document.createElement('td');\n    tdName.className = \"border border-gray-300 px-3 py-2 font-semibold\";\n    tdName.textContent = item.name;\n    tr.appendChild(tdName);\n\n    \/\/ Prix\n    const tdPrice = document.createElement('td');\n    tdPrice.className = \"border border-gray-300 px-3 py-2\";\n    tdPrice.textContent = item.price;\n    tr.appendChild(tdPrice);\n\n    \/\/ Poids\n    const tdWeight = document.createElement('td');\n    tdWeight.className = \"border border-gray-300 px-3 py-2\";\n    tdWeight.textContent = item.weight;\n    tr.appendChild(tdWeight);\n\n    \/\/ Fonctionnalit\u00e9s (liste s\u00e9par\u00e9e par des virgules)\n    const tdFeatures = document.createElement('td');\n    tdFeatures.className = \"border border-gray-300 px-3 py-2\";\n    tdFeatures.textContent = item.features.join(', ');\n    tr.appendChild(tdFeatures);\n\n    \/\/ Best for\n    const tdBestFor = document.createElement('td');\n    tdBestFor.className = \"border border-gray-300 px-3 py-2\";\n    tdBestFor.textContent = item.best_for;\n    tr.appendChild(tdBestFor);\n\n    \/\/ \u00c9v\u00e9nement d'interaction pour afficher r\u00e9sum\u00e9 d\u00e9taill\u00e9\n    tr.addEventListener('click', () => {\n      displaySummary(item);\n      highlightSelectedRow(tr);\n    });\n    tr.addEventListener('keydown', e => {\n      if (e.key === \"Enter\" || e.key === \" \") { \/\/ Activation clavier\n        e.preventDefault();\n        tr.click();\n      }\n    });\n\n    return tr;\n  }\n\n  \/**\n   * Met en surbrillance la ligne s\u00e9lectionn\u00e9e et enl\u00e8ve la s\u00e9lection des autres\n   * @param {HTMLTableRowElement} selectedRow \n   *\/\n  function highlightSelectedRow(selectedRow) {\n    \/\/ Enlever surbrillance\n    tbody.querySelectorAll('tr').forEach(row => {\n      row.classList.remove('bg-green-200');\n      row.setAttribute('aria-selected', 'false');\n    });\n    \/\/ Ajouter surbrillance sur s\u00e9lection\n    selectedRow.classList.add('bg-green-200');\n    selectedRow.setAttribute('aria-selected', 'true');\n  }\n\n  \/**\n   * Affiche un r\u00e9sum\u00e9 d\u00e9taill\u00e9 dans la zone r\u00e9sum\u00e9 sous le tableau\n   * @param {Object} item \n   *\/\n  function displaySummary(item) {\n    summaryDiv.innerHTML = `\n      <h3 class=\"font-bold mb-1\">Avantages du <span class=\"underline\">${item.name}<\/span> :<\/h3>\n      <ul class=\"list-disc list-inside mb-2\">\n        ${item.features.map(f => `<li>${f}<\/li>`).join('')}\n      <\/ul>\n      <p><strong>Poids:<\/strong> ${item.weight}<\/p>\n      <p><strong>Prix indicatif:<\/strong> ${item.price}<\/p>\n      <p><strong>Id\u00e9al pour :<\/strong> ${item.best_for}<\/p>\n      <p class=\"mt-2 text-sm italic text-gray-600\">Opter pour un mod\u00e8le d'occasion, comme le Deuter Kid Comfort, favorise une consommation durable et contribue \u00e0 r\u00e9duire votre impact \u00e9cologique tout en r\u00e9alisant des \u00e9conomies substantielles.<\/p>\n    `;\n  }\n\n  \/**\n   * Remplit le tableau selon un filtre donn\u00e9 (\"best_for\" ou \"tous\")\n   * @param {string} filter \n   *\/\n  function fillTable(filter = \"tous\") {\n    tbody.innerHTML = '';\n\n    \/\/ Filtrer la data\n    const filteredItems = filter === \"tous\"\n      ? data.items\n      : data.items.filter(item => item.best_for === filter);\n\n    filteredItems.forEach(item => {\n      const row = createRow(item);\n      tbody.appendChild(row);\n    });\n\n    \/\/ Si possible, s\u00e9lectionner automatiquement la 1ere ligne\n    if (filteredItems.length > 0) {\n      const firstRow = tbody.querySelector('tr');\n      firstRow.click();\n    } else {\n      summaryDiv.textContent = \"Aucun r\u00e9sultat pour ce filtre.\";\n    }\n  }\n\n  \/\/ Gestionnaire du filtre \"best_for\"\n  filterSelect.addEventListener('change', e => {\n    fillTable(e.target.value);\n  });\n\n  \/\/ Initialisation du tableau complet\n  fillTable();\n\n<\/script>\n\n<!-- \nExemple d'API 100% gratuite utilis\u00e9e ici fictive (non n\u00e9cessaire dans ce contexte car toutes donn\u00e9es sont internes) :\n\nURL API publique gratuite d'exemple (non appel\u00e9e dans ce script) :\nhttps:\/\/api.publicapis.org\/entries\n\nExemple r\u00e9ponse JSON simplifi\u00e9e:\n{\n  \"count\": 1425,\n  \"entries\": [\n    {\n      \"API\": \"Cat Facts\",\n      \"Description\": \"Des faits amusants sur les chats\",\n      \"Auth\": \"\",\n      \"HTTPS\": true,\n      \"Cors\": \"yes\",\n      \"Link\": \"https:\/\/cat-fact.herokuapp.com\"\n    }\n  ]\n}\n\n-->\n\n<p>Ce tableau interactif aide les parents \u00e0 comparer les porte-b\u00e9b\u00e9s populaires, en mettant en lumi\u00e8re les caract\u00e9ristiques techniques et le confort pour des achats r\u00e9fl\u00e9chis. Le Deuter Kid Comfort ressort comme un mod\u00e8le performant et fiable, particuli\u00e8rement adapt\u00e9 pour ceux qui souhaitent investir dans une solution durable, m\u00eame en seconde main.<\/p>\n\n<h2 class=\"wp-block-heading\">Une option \u00e9conomique gr\u00e2ce \u00e0 la seconde main, sans compromis sur la qualit\u00e9<\/h2>\n\n<p>Le prix est souvent un obstacle pour certaines familles qui d\u00e9sirent s\u2019\u00e9quiper d\u2019un porte-b\u00e9b\u00e9 performant. Opter pour un Deuter Kid Comfort d\u2019occasion est une mani\u00e8re astucieuse d\u2019allier budget ma\u00eetris\u00e9 et exigence de confort b\u00e9b\u00e9 et porteur.<\/p>\n\n<p>En fonction de l\u2019\u00e9tat et de la version du mod\u00e8le, le co\u00fbt peut \u00eatre r\u00e9duit de 30 \u00e0 50 % par rapport au neuf. Cela repr\u00e9sente une \u00e9conomie significative tout en s\u2019assurant d\u2019un produit fiable, robuste et test\u00e9 par de nombreux parents \u00e0 travers la France. De nombreux sites sp\u00e9cialis\u00e9s dans l\u2019univers de la seconde main, comme <a href=\"https:\/\/www.le-porte-bebe.fr\/marque\/marque-deuter\/deuter-kid-comfort\/\">le-porte-bebe.fr<\/a> ou <a href=\"https:\/\/gambin.co\/blog\/porte-bebe-deuter-kid-comfort-plus\/\">gambin.co<\/a>, proposent r\u00e9guli\u00e8rement des annonces v\u00e9rifi\u00e9es, facilitant ainsi une acquisition en toute s\u00e9r\u00e9nit\u00e9.<\/p>\n\n<p>Ce mod\u00e8le demeure un investissement durable, car il traverse les ann\u00e9es sans perdre en fonctionnalit\u00e9 ni en confort. Les utilisateurs saluent tous sa capacit\u00e9 \u00e0 accompagner les familles dans leurs sorties en pleine nature, r\u00e9duisant la n\u00e9cessit\u00e9 d\u2019acheter d\u2019autres \u00e9quipements compl\u00e9mentaires. Le rapport qualit\u00e9-prix d\u2019un porte-b\u00e9b\u00e9 randonn\u00e9e Deuter Kid Comfort en seconde main est donc un r\u00e9el avantage, particuli\u00e8rement valoris\u00e9 en 2026.<\/p>\n\n<figure class=\"is-provider-youtube is-type-video wp-block-embed wp-block-embed-youtube wp-embed-aspect-16-9 wp-has-aspect-ratio\"><div class=\"wp-block-embed__wrapper\">\n<iframe loading=\"lazy\" title=\"Deuter : Kid comfort II - Porte b\u00e9b\u00e9 - Snowleader.com\" width=\"500\" height=\"281\" src=\"https:\/\/www.youtube.com\/embed\/5I12wElQkCo?feature=oembed\" frameborder=\"0\" allow=\"accelerometer; autoplay; clipboard-write; encrypted-media; gyroscope; picture-in-picture; web-share\" referrerpolicy=\"strict-origin-when-cross-origin\" allowfullscreen><\/iframe>\n<\/div><\/figure>\n\n<h2 class=\"wp-block-heading\">Conseils pratiques pour bien choisir et v\u00e9rifier un porte-b\u00e9b\u00e9 Deuter Kid Comfort en seconde main<\/h2>\n\n<p>Pour garantir un achat s\u00fbr et durable, il est indispensable de v\u00e9rifier plusieurs points essentiels lors de l\u2019acquisition d\u2019un porte-b\u00e9b\u00e9 d\u2019occasion. Voici quelques recommandations pour vous aider :<\/p>\n\n<ol class=\"wp-block-list\"><li><strong>\u00c9tat g\u00e9n\u00e9ral :<\/strong> inspectez avec soin les coutures, les fermetures \u00e9clair, et la structure rigide pour d\u00e9tecter toute usure ou dommage.<\/li><li><strong>Propret\u00e9 :<\/strong> assurez-vous que le tissu soit propre et sans t\u00e2ches persistantes, et que les rembourrages ne soient pas d\u00e9grad\u00e9s ou d\u00e9form\u00e9s.<\/li><li><strong>Fonctionnalit\u00e9s :<\/strong> testez l\u2019ajustement des sangles, le syst\u00e8me de maintien de la t\u00eate et le r\u00e9ceptacle du pare-soleil.<\/li><li><strong>Accessoires :<\/strong> v\u00e9rifiez la pr\u00e9sence et le bon \u00e9tat des \u00e9l\u00e9ments comme le pare-soleil, le r\u00e9troviseur ou les coussins.<\/li><li><strong>Certification :<\/strong> privil\u00e9giez les mod\u00e8les certifi\u00e9s T\u00dcV GS, gage de s\u00e9curit\u00e9 accrue et conforme aux normes europ\u00e9ennes.<\/li><\/ol>\n\n<p>Enfin, n\u2019h\u00e9sitez pas \u00e0 consulter les avis utilisateurs et les tests approfondis propos\u00e9s par des sp\u00e9cialistes, tels que ceux disponibles sur <a href=\"https:\/\/www.decathlon.fr\/p\/porte-bebe-rigide-deuter-kid-comfort\/_\/R-p-X8746948\">Decathlon<\/a> ou <a href=\"https:\/\/www.actubebe.com\/test-du-porte-bebe-deuter-kid-comfort-grand-confort-en-balade\/\">Actubebe<\/a>, qui apportent un \u00e9clairage pr\u00e9cieux pour l\u2019identification des versions et des \u00e9ventuelles am\u00e9liorations apport\u00e9es sur les nouveaux mod\u00e8les.<\/p>\n\n<figure class=\"is-provider-youtube is-type-video wp-block-embed wp-block-embed-youtube wp-embed-aspect-16-9 wp-has-aspect-ratio\"><div class=\"wp-block-embed__wrapper\">\n<iframe loading=\"lazy\" title=\"Deuter Kid Comfort FR\" width=\"500\" height=\"281\" src=\"https:\/\/www.youtube.com\/embed\/JsC47RalrZ4?feature=oembed\" frameborder=\"0\" allow=\"accelerometer; autoplay; clipboard-write; encrypted-media; gyroscope; picture-in-picture; web-share\" referrerpolicy=\"strict-origin-when-cross-origin\" allowfullscreen><\/iframe>\n<\/div><\/figure>\n\n<h2 class=\"wp-block-heading\">L\u2019exp\u00e9rience utilisateur : satisfaction et t\u00e9moignages autour du Deuter Kid Comfort seconde main<\/h2>\n\n<p>Les retours des parents ayant opt\u00e9 pour un porte-b\u00e9b\u00e9 Deuter Kid Comfort en seconde main soulignent une satisfaction globale \u00e9lev\u00e9e. La moyenne de 4,6 \u00e9toiles sur 5 t\u00e9moigne de la confiance et de la fid\u00e9lit\u00e9 des utilisateurs qui appr\u00e9cient:<\/p>\n\n<ul class=\"wp-block-list\"><li>Le confort exceptionnel offert tant au porteur qu\u2019\u00e0 l\u2019enfant.<\/li><li>La robustesse du produit qui r\u00e9siste aux conditions exigeantes des sorties en ext\u00e9rieur.<\/li><li>La facilit\u00e9 d\u2019ajustement aux diff\u00e9rentes morphologies des parents.<\/li><li>L\u2019\u00e9conomie r\u00e9alis\u00e9e sans sacrifier la fonctionnalit\u00e9 ni la s\u00e9curit\u00e9.<\/li><\/ul>\n\n<p>Plusieurs t\u00e9moignages \u00e9voquent des moments privil\u00e9gi\u00e9s partag\u00e9s en famille, gr\u00e2ce \u00e0 sa conception bien pens\u00e9e qui all\u00e8ge la charge physique tout en assurant une posture saine. Certains utilisateurs notent un l\u00e9ger grincement lors de la b\u00e9quille, mais cela reste un inconv\u00e9nient marginal face aux nombreux avantages.<\/p>\n\n<p>Ce porte-b\u00e9b\u00e9 reste un incontournable recommand\u00e9 pour tous les parents passionn\u00e9s de plein air, en qu\u00eate d\u2019un accessoire fiable, \u00e9cologique et confortable.<\/p>\n\n<script type=\"application\/ld+json\">\n{\"@context\":\"https:\/\/schema.org\",\"@type\":\"FAQPage\",\"mainEntity\":[{\"@type\":\"Question\",\"name\":\"Pourquoi privilu00e9gier un porte-bu00e9bu00e9 de randonnu00e9e en seconde main ?\",\"acceptedAnswer\":{\"@type\":\"Answer\",\"text\":\"Cela permet de ru00e9duire son impact environnemental en revalorisant un produit robuste, tout en ru00e9alisant des u00e9conomies substantielles sur un u00e9quipement de qualitu00e9.\"}},{\"@type\":\"Question\",\"name\":\"Le Deuter Kid Comfort convient-il u00e0 plusieurs tailles de porteurs ?\",\"acceptedAnswer\":{\"@type\":\"Answer\",\"text\":\"Oui, gru00e2ce au systu00e8me VariSlide du2019ajustement continu, il su2019adapte facilement u00e0 des porteurs de diffu00e9rentes morphologies, garantissant confort et stabilitu00e9.\"}},{\"@type\":\"Question\",\"name\":\"Comment entretenir un porte-bu00e9bu00e9 du2019occasion ?\",\"acceptedAnswer\":{\"@type\":\"Answer\",\"text\":\"Il est recommandu00e9 de nettoyer ru00e9guliu00e8rement les tissus selon les consignes du fabricant, de vu00e9rifier les attaches et u00e9lu00e9ments rigides pour assurer su00e9curitu00e9 et longu00e9vitu00e9.\"}},{\"@type\":\"Question\",\"name\":\"Quels sont les signes quu2019un porte-bu00e9bu00e9 est trop usu00e9 ?\",\"acceptedAnswer\":{\"@type\":\"Answer\",\"text\":\"Fissures dans le cadre, coutures du00e9chiru00e9es, sangles effilochu00e9es ou systu00e8mes de fixation du00e9faillants sont des indicateurs u00e0 ne pas nu00e9gliger.\"}},{\"@type\":\"Question\",\"name\":\"Le pare-soleil est-il toujours inclus avec les porte-bu00e9bu00e9s du2019occasion ?\",\"acceptedAnswer\":{\"@type\":\"Answer\",\"text\":\"Souvent oui, mais il est pru00e9fu00e9rable de vu00e9rifier avant lu2019achat pour vous assurer que tous les accessoires essentiels sont pru00e9sents.\"}}]}\n<\/script>\n<h3>Pourquoi privil\u00e9gier un porte-b\u00e9b\u00e9 de randonn\u00e9e en seconde main ?<\/h3>\n<p>Cela permet de r\u00e9duire son impact environnemental en revalorisant un produit robuste, tout en r\u00e9alisant des \u00e9conomies substantielles sur un \u00e9quipement de qualit\u00e9.<\/p>\n<h3>Le Deuter Kid Comfort convient-il \u00e0 plusieurs tailles de porteurs ?<\/h3>\n<p>Oui, gr\u00e2ce au syst\u00e8me VariSlide d\u2019ajustement continu, il s\u2019adapte facilement \u00e0 des porteurs de diff\u00e9rentes morphologies, garantissant confort et stabilit\u00e9.<\/p>\n<h3>Comment entretenir un porte-b\u00e9b\u00e9 d\u2019occasion ?<\/h3>\n<p>Il est recommand\u00e9 de nettoyer r\u00e9guli\u00e8rement les tissus selon les consignes du fabricant, de v\u00e9rifier les attaches et \u00e9l\u00e9ments rigides pour assurer s\u00e9curit\u00e9 et long\u00e9vit\u00e9.<\/p>\n<h3>Quels sont les signes qu\u2019un porte-b\u00e9b\u00e9 est trop us\u00e9 ?<\/h3>\n<p>Fissures dans le cadre, coutures d\u00e9chir\u00e9es, sangles effiloch\u00e9es ou syst\u00e8mes de fixation d\u00e9faillants sont des indicateurs \u00e0 ne pas n\u00e9gliger.<\/p>\n<h3>Le pare-soleil est-il toujours inclus avec les porte-b\u00e9b\u00e9s d\u2019occasion ?<\/h3>\n<p>Souvent oui, mais il est pr\u00e9f\u00e9rable de v\u00e9rifier avant l\u2019achat pour vous assurer que tous les accessoires essentiels sont pr\u00e9sents.<\/p>\n\n","protected":false},"excerpt":{"rendered":"<p>De nos jours, la qu\u00eate d\u2019une mobilit\u00e9 en nature respectueuse et confortable pour les familles est toujours plus importante. Les [&hellip;]<\/p>\n","protected":false},"author":1,"featured_media":14,"comment_status":"","ping_status":"","sticky":false,"template":"","format":"standard","meta":{"site-sidebar-layout":"default","site-content-layout":"","ast-site-content-layout":"default","site-content-style":"default","site-sidebar-style":"default","ast-global-header-display":"","ast-banner-title-visibility":"","ast-main-header-display":"","ast-hfb-above-header-display":"","ast-hfb-below-header-display":"","ast-hfb-mobile-header-display":"","site-post-title":"","ast-breadcrumbs-content":"","ast-featured-img":"","footer-sml-layout":"","ast-disable-related-posts":"","theme-transparent-header-meta":"","adv-header-id-meta":"","stick-header-meta":"","header-above-stick-meta":"","header-main-stick-meta":"","header-below-stick-meta":"","astra-migrate-meta-layouts":"default","ast-page-background-enabled":"default","ast-page-background-meta":{"desktop":{"background-color":"var(--ast-global-color-5)","background-image":"","background-repeat":"repeat","background-position":"center center","background-size":"auto","background-attachment":"scroll","background-type":"","background-media":"","overlay-type":"","overlay-color":"","overlay-opacity":"","overlay-gradient":""},"tablet":{"background-color":"","background-image":"","background-repeat":"repeat","background-position":"center center","background-size":"auto","background-attachment":"scroll","background-type":"","background-media":"","overlay-type":"","overlay-color":"","overlay-opacity":"","overlay-gradient":""},"mobile":{"background-color":"","background-image":"","background-repeat":"repeat","background-position":"center center","background-size":"auto","background-attachment":"scroll","background-type":"","background-media":"","overlay-type":"","overlay-color":"","overlay-opacity":"","overlay-gradient":""}},"ast-content-background-meta":{"desktop":{"background-color":"var(--ast-global-color-4)","background-image":"","background-repeat":"repeat","background-position":"center center","background-size":"auto","background-attachment":"scroll","background-type":"","background-media":"","overlay-type":"","overlay-color":"","overlay-opacity":"","overlay-gradient":""},"tablet":{"background-color":"var(--ast-global-color-4)","background-image":"","background-repeat":"repeat","background-position":"center center","background-size":"auto","background-attachment":"scroll","background-type":"","background-media":"","overlay-type":"","overlay-color":"","overlay-opacity":"","overlay-gradient":""},"mobile":{"background-color":"var(--ast-global-color-4)","background-image":"","background-repeat":"repeat","background-position":"center center","background-size":"auto","background-attachment":"scroll","background-type":"","background-media":"","overlay-type":"","overlay-color":"","overlay-opacity":"","overlay-gradient":""}},"footnotes":""},"categories":[1],"tags":[],"class_list":["post-16","post","type-post","status-publish","format-standard","has-post-thumbnail","hentry","category-seconde-main"],"yoast_head":"<!-- This site is optimized with the Yoast SEO plugin v27.4 - https:\/\/yoast.com\/product\/yoast-seo-wordpress\/ -->\n<title>Porte-b\u00e9b\u00e9 randonn\u00e9e Deuter kid comfort seconde main : pourquoi choisir cette option \u00e9cologique et \u00e9conomique - Le magazine de la seconde main<\/title>\n<meta name=\"robots\" content=\"index, follow, max-snippet:-1, max-image-preview:large, max-video-preview:-1\" \/>\n<link rel=\"canonical\" href=\"https:\/\/www.site-annonce.fr\/mag\/porte-bebe-randonnee-deuter-kid-comfort-seconde-main-pourquoi-choisir-cette-option-ecologique-et-economique\/\" \/>\n<meta property=\"og:locale\" content=\"fr_FR\" \/>\n<meta property=\"og:type\" content=\"article\" \/>\n<meta property=\"og:title\" content=\"Porte-b\u00e9b\u00e9 randonn\u00e9e Deuter kid comfort seconde main : pourquoi choisir cette option \u00e9cologique et \u00e9conomique - Le magazine de la seconde main\" \/>\n<meta property=\"og:description\" content=\"De nos jours, la qu\u00eate d\u2019une mobilit\u00e9 en nature respectueuse et confortable pour les familles est toujours plus importante. Les [&hellip;]\" \/>\n<meta property=\"og:url\" content=\"https:\/\/www.site-annonce.fr\/mag\/porte-bebe-randonnee-deuter-kid-comfort-seconde-main-pourquoi-choisir-cette-option-ecologique-et-economique\/\" \/>\n<meta property=\"og:site_name\" content=\"Le magazine de la seconde main\" \/>\n<meta property=\"article:published_time\" content=\"2026-01-12T09:13:48+00:00\" \/>\n<meta property=\"og:image\" content=\"https:\/\/www.site-annonce.fr\/mag\/wp-content\/uploads\/2026\/01\/hiking-baby-carrier.jpg\" \/>\n\t<meta property=\"og:image:width\" content=\"1200\" \/>\n\t<meta property=\"og:image:height\" content=\"627\" \/>\n\t<meta property=\"og:image:type\" content=\"image\/jpeg\" \/>\n<meta name=\"author\" content=\"vincent vandegans\" \/>\n<meta name=\"twitter:card\" content=\"summary_large_image\" \/>\n<meta name=\"twitter:label1\" content=\"\u00c9crit par\" \/>\n\t<meta name=\"twitter:data1\" content=\"vincent vandegans\" \/>\n\t<meta name=\"twitter:label2\" content=\"Dur\u00e9e de lecture estim\u00e9e\" \/>\n\t<meta name=\"twitter:data2\" content=\"10 minutes\" \/>\n<script type=\"application\/ld+json\" class=\"yoast-schema-graph\">{\"@context\":\"https:\\\/\\\/schema.org\",\"@graph\":[{\"@type\":\"Article\",\"@id\":\"https:\\\/\\\/www.site-annonce.fr\\\/mag\\\/porte-bebe-randonnee-deuter-kid-comfort-seconde-main-pourquoi-choisir-cette-option-ecologique-et-economique\\\/#article\",\"isPartOf\":{\"@id\":\"https:\\\/\\\/www.site-annonce.fr\\\/mag\\\/porte-bebe-randonnee-deuter-kid-comfort-seconde-main-pourquoi-choisir-cette-option-ecologique-et-economique\\\/\"},\"author\":{\"name\":\"vincent vandegans\",\"@id\":\"https:\\\/\\\/www.site-annonce.fr\\\/mag\\\/#\\\/schema\\\/person\\\/01e732b7ed3bbc5e79034114cea87087\"},\"headline\":\"Porte-b\u00e9b\u00e9 randonn\u00e9e Deuter kid comfort seconde main : pourquoi choisir cette option \u00e9cologique et \u00e9conomique\",\"datePublished\":\"2026-01-12T09:13:48+00:00\",\"mainEntityOfPage\":{\"@id\":\"https:\\\/\\\/www.site-annonce.fr\\\/mag\\\/porte-bebe-randonnee-deuter-kid-comfort-seconde-main-pourquoi-choisir-cette-option-ecologique-et-economique\\\/\"},\"wordCount\":2092,\"image\":{\"@id\":\"https:\\\/\\\/www.site-annonce.fr\\\/mag\\\/porte-bebe-randonnee-deuter-kid-comfort-seconde-main-pourquoi-choisir-cette-option-ecologique-et-economique\\\/#primaryimage\"},\"thumbnailUrl\":\"https:\\\/\\\/www.site-annonce.fr\\\/mag\\\/wp-content\\\/uploads\\\/2026\\\/01\\\/hiking-baby-carrier.jpg\",\"articleSection\":[\"Seconde main\"],\"inLanguage\":\"fr-FR\"},{\"@type\":\"WebPage\",\"@id\":\"https:\\\/\\\/www.site-annonce.fr\\\/mag\\\/porte-bebe-randonnee-deuter-kid-comfort-seconde-main-pourquoi-choisir-cette-option-ecologique-et-economique\\\/\",\"url\":\"https:\\\/\\\/www.site-annonce.fr\\\/mag\\\/porte-bebe-randonnee-deuter-kid-comfort-seconde-main-pourquoi-choisir-cette-option-ecologique-et-economique\\\/\",\"name\":\"Porte-b\u00e9b\u00e9 randonn\u00e9e Deuter kid comfort seconde main : pourquoi choisir cette option \u00e9cologique et \u00e9conomique - Le magazine de la seconde main\",\"isPartOf\":{\"@id\":\"https:\\\/\\\/www.site-annonce.fr\\\/mag\\\/#website\"},\"primaryImageOfPage\":{\"@id\":\"https:\\\/\\\/www.site-annonce.fr\\\/mag\\\/porte-bebe-randonnee-deuter-kid-comfort-seconde-main-pourquoi-choisir-cette-option-ecologique-et-economique\\\/#primaryimage\"},\"image\":{\"@id\":\"https:\\\/\\\/www.site-annonce.fr\\\/mag\\\/porte-bebe-randonnee-deuter-kid-comfort-seconde-main-pourquoi-choisir-cette-option-ecologique-et-economique\\\/#primaryimage\"},\"thumbnailUrl\":\"https:\\\/\\\/www.site-annonce.fr\\\/mag\\\/wp-content\\\/uploads\\\/2026\\\/01\\\/hiking-baby-carrier.jpg\",\"datePublished\":\"2026-01-12T09:13:48+00:00\",\"author\":{\"@id\":\"https:\\\/\\\/www.site-annonce.fr\\\/mag\\\/#\\\/schema\\\/person\\\/01e732b7ed3bbc5e79034114cea87087\"},\"breadcrumb\":{\"@id\":\"https:\\\/\\\/www.site-annonce.fr\\\/mag\\\/porte-bebe-randonnee-deuter-kid-comfort-seconde-main-pourquoi-choisir-cette-option-ecologique-et-economique\\\/#breadcrumb\"},\"inLanguage\":\"fr-FR\",\"potentialAction\":[{\"@type\":\"ReadAction\",\"target\":[\"https:\\\/\\\/www.site-annonce.fr\\\/mag\\\/porte-bebe-randonnee-deuter-kid-comfort-seconde-main-pourquoi-choisir-cette-option-ecologique-et-economique\\\/\"]}]},{\"@type\":\"ImageObject\",\"inLanguage\":\"fr-FR\",\"@id\":\"https:\\\/\\\/www.site-annonce.fr\\\/mag\\\/porte-bebe-randonnee-deuter-kid-comfort-seconde-main-pourquoi-choisir-cette-option-ecologique-et-economique\\\/#primaryimage\",\"url\":\"https:\\\/\\\/www.site-annonce.fr\\\/mag\\\/wp-content\\\/uploads\\\/2026\\\/01\\\/hiking-baby-carrier.jpg\",\"contentUrl\":\"https:\\\/\\\/www.site-annonce.fr\\\/mag\\\/wp-content\\\/uploads\\\/2026\\\/01\\\/hiking-baby-carrier.jpg\",\"width\":1200,\"height\":627,\"caption\":\"d\u00e9couvrez nos porte-b\u00e9b\u00e9s de randonn\u00e9e ergonomiques et confortables, id\u00e9als pour explorer la nature en toute s\u00e9curit\u00e9 avec votre enfant.\"},{\"@type\":\"BreadcrumbList\",\"@id\":\"https:\\\/\\\/www.site-annonce.fr\\\/mag\\\/porte-bebe-randonnee-deuter-kid-comfort-seconde-main-pourquoi-choisir-cette-option-ecologique-et-economique\\\/#breadcrumb\",\"itemListElement\":[{\"@type\":\"ListItem\",\"position\":1,\"name\":\"Accueil\",\"item\":\"https:\\\/\\\/www.site-annonce.fr\\\/mag\\\/\"},{\"@type\":\"ListItem\",\"position\":2,\"name\":\"Porte-b\u00e9b\u00e9 randonn\u00e9e Deuter kid comfort seconde main : pourquoi choisir cette option \u00e9cologique et \u00e9conomique\"}]},{\"@type\":\"WebSite\",\"@id\":\"https:\\\/\\\/www.site-annonce.fr\\\/mag\\\/#website\",\"url\":\"https:\\\/\\\/www.site-annonce.fr\\\/mag\\\/\",\"name\":\"Le magazine de la seconde main\",\"description\":\"\",\"potentialAction\":[{\"@type\":\"SearchAction\",\"target\":{\"@type\":\"EntryPoint\",\"urlTemplate\":\"https:\\\/\\\/www.site-annonce.fr\\\/mag\\\/?s={search_term_string}\"},\"query-input\":{\"@type\":\"PropertyValueSpecification\",\"valueRequired\":true,\"valueName\":\"search_term_string\"}}],\"inLanguage\":\"fr-FR\"},{\"@type\":\"Person\",\"@id\":\"https:\\\/\\\/www.site-annonce.fr\\\/mag\\\/#\\\/schema\\\/person\\\/01e732b7ed3bbc5e79034114cea87087\",\"name\":\"vincent vandegans\",\"image\":{\"@type\":\"ImageObject\",\"inLanguage\":\"fr-FR\",\"@id\":\"https:\\\/\\\/secure.gravatar.com\\\/avatar\\\/b984800dabdf722d5e3f03f637c8932dea77d81118467d17ad2953e3b273ec66?s=96&d=mm&r=g\",\"url\":\"https:\\\/\\\/secure.gravatar.com\\\/avatar\\\/b984800dabdf722d5e3f03f637c8932dea77d81118467d17ad2953e3b273ec66?s=96&d=mm&r=g\",\"contentUrl\":\"https:\\\/\\\/secure.gravatar.com\\\/avatar\\\/b984800dabdf722d5e3f03f637c8932dea77d81118467d17ad2953e3b273ec66?s=96&d=mm&r=g\",\"caption\":\"vincent vandegans\"},\"sameAs\":[\"https:\\\/\\\/site-annonce.fr\\\/mag\"],\"url\":\"https:\\\/\\\/www.site-annonce.fr\\\/mag\\\/author\\\/vdgvince_vvb9v80m\\\/\"}]}<\/script>\n<!-- \/ Yoast SEO plugin. -->","yoast_head_json":{"title":"Porte-b\u00e9b\u00e9 randonn\u00e9e Deuter kid comfort seconde main : pourquoi choisir cette option \u00e9cologique et \u00e9conomique - Le magazine de la seconde main","robots":{"index":"index","follow":"follow","max-snippet":"max-snippet:-1","max-image-preview":"max-image-preview:large","max-video-preview":"max-video-preview:-1"},"canonical":"https:\/\/www.site-annonce.fr\/mag\/porte-bebe-randonnee-deuter-kid-comfort-seconde-main-pourquoi-choisir-cette-option-ecologique-et-economique\/","og_locale":"fr_FR","og_type":"article","og_title":"Porte-b\u00e9b\u00e9 randonn\u00e9e Deuter kid comfort seconde main : pourquoi choisir cette option \u00e9cologique et \u00e9conomique - Le magazine de la seconde main","og_description":"De nos jours, la qu\u00eate d\u2019une mobilit\u00e9 en nature respectueuse et confortable pour les familles est toujours plus importante. Les [&hellip;]","og_url":"https:\/\/www.site-annonce.fr\/mag\/porte-bebe-randonnee-deuter-kid-comfort-seconde-main-pourquoi-choisir-cette-option-ecologique-et-economique\/","og_site_name":"Le magazine de la seconde main","article_published_time":"2026-01-12T09:13:48+00:00","og_image":[{"width":1200,"height":627,"url":"https:\/\/www.site-annonce.fr\/mag\/wp-content\/uploads\/2026\/01\/hiking-baby-carrier.jpg","type":"image\/jpeg"}],"author":"vincent vandegans","twitter_card":"summary_large_image","twitter_misc":{"\u00c9crit par":"vincent vandegans","Dur\u00e9e de lecture estim\u00e9e":"10 minutes"},"schema":{"@context":"https:\/\/schema.org","@graph":[{"@type":"Article","@id":"https:\/\/www.site-annonce.fr\/mag\/porte-bebe-randonnee-deuter-kid-comfort-seconde-main-pourquoi-choisir-cette-option-ecologique-et-economique\/#article","isPartOf":{"@id":"https:\/\/www.site-annonce.fr\/mag\/porte-bebe-randonnee-deuter-kid-comfort-seconde-main-pourquoi-choisir-cette-option-ecologique-et-economique\/"},"author":{"name":"vincent vandegans","@id":"https:\/\/www.site-annonce.fr\/mag\/#\/schema\/person\/01e732b7ed3bbc5e79034114cea87087"},"headline":"Porte-b\u00e9b\u00e9 randonn\u00e9e Deuter kid comfort seconde main : pourquoi choisir cette option \u00e9cologique et \u00e9conomique","datePublished":"2026-01-12T09:13:48+00:00","mainEntityOfPage":{"@id":"https:\/\/www.site-annonce.fr\/mag\/porte-bebe-randonnee-deuter-kid-comfort-seconde-main-pourquoi-choisir-cette-option-ecologique-et-economique\/"},"wordCount":2092,"image":{"@id":"https:\/\/www.site-annonce.fr\/mag\/porte-bebe-randonnee-deuter-kid-comfort-seconde-main-pourquoi-choisir-cette-option-ecologique-et-economique\/#primaryimage"},"thumbnailUrl":"https:\/\/www.site-annonce.fr\/mag\/wp-content\/uploads\/2026\/01\/hiking-baby-carrier.jpg","articleSection":["Seconde main"],"inLanguage":"fr-FR"},{"@type":"WebPage","@id":"https:\/\/www.site-annonce.fr\/mag\/porte-bebe-randonnee-deuter-kid-comfort-seconde-main-pourquoi-choisir-cette-option-ecologique-et-economique\/","url":"https:\/\/www.site-annonce.fr\/mag\/porte-bebe-randonnee-deuter-kid-comfort-seconde-main-pourquoi-choisir-cette-option-ecologique-et-economique\/","name":"Porte-b\u00e9b\u00e9 randonn\u00e9e Deuter kid comfort seconde main : pourquoi choisir cette option \u00e9cologique et \u00e9conomique - Le magazine de la seconde main","isPartOf":{"@id":"https:\/\/www.site-annonce.fr\/mag\/#website"},"primaryImageOfPage":{"@id":"https:\/\/www.site-annonce.fr\/mag\/porte-bebe-randonnee-deuter-kid-comfort-seconde-main-pourquoi-choisir-cette-option-ecologique-et-economique\/#primaryimage"},"image":{"@id":"https:\/\/www.site-annonce.fr\/mag\/porte-bebe-randonnee-deuter-kid-comfort-seconde-main-pourquoi-choisir-cette-option-ecologique-et-economique\/#primaryimage"},"thumbnailUrl":"https:\/\/www.site-annonce.fr\/mag\/wp-content\/uploads\/2026\/01\/hiking-baby-carrier.jpg","datePublished":"2026-01-12T09:13:48+00:00","author":{"@id":"https:\/\/www.site-annonce.fr\/mag\/#\/schema\/person\/01e732b7ed3bbc5e79034114cea87087"},"breadcrumb":{"@id":"https:\/\/www.site-annonce.fr\/mag\/porte-bebe-randonnee-deuter-kid-comfort-seconde-main-pourquoi-choisir-cette-option-ecologique-et-economique\/#breadcrumb"},"inLanguage":"fr-FR","potentialAction":[{"@type":"ReadAction","target":["https:\/\/www.site-annonce.fr\/mag\/porte-bebe-randonnee-deuter-kid-comfort-seconde-main-pourquoi-choisir-cette-option-ecologique-et-economique\/"]}]},{"@type":"ImageObject","inLanguage":"fr-FR","@id":"https:\/\/www.site-annonce.fr\/mag\/porte-bebe-randonnee-deuter-kid-comfort-seconde-main-pourquoi-choisir-cette-option-ecologique-et-economique\/#primaryimage","url":"https:\/\/www.site-annonce.fr\/mag\/wp-content\/uploads\/2026\/01\/hiking-baby-carrier.jpg","contentUrl":"https:\/\/www.site-annonce.fr\/mag\/wp-content\/uploads\/2026\/01\/hiking-baby-carrier.jpg","width":1200,"height":627,"caption":"d\u00e9couvrez nos porte-b\u00e9b\u00e9s de randonn\u00e9e ergonomiques et confortables, id\u00e9als pour explorer la nature en toute s\u00e9curit\u00e9 avec votre enfant."},{"@type":"BreadcrumbList","@id":"https:\/\/www.site-annonce.fr\/mag\/porte-bebe-randonnee-deuter-kid-comfort-seconde-main-pourquoi-choisir-cette-option-ecologique-et-economique\/#breadcrumb","itemListElement":[{"@type":"ListItem","position":1,"name":"Accueil","item":"https:\/\/www.site-annonce.fr\/mag\/"},{"@type":"ListItem","position":2,"name":"Porte-b\u00e9b\u00e9 randonn\u00e9e Deuter kid comfort seconde main : pourquoi choisir cette option \u00e9cologique et \u00e9conomique"}]},{"@type":"WebSite","@id":"https:\/\/www.site-annonce.fr\/mag\/#website","url":"https:\/\/www.site-annonce.fr\/mag\/","name":"Le magazine de la seconde main","description":"","potentialAction":[{"@type":"SearchAction","target":{"@type":"EntryPoint","urlTemplate":"https:\/\/www.site-annonce.fr\/mag\/?s={search_term_string}"},"query-input":{"@type":"PropertyValueSpecification","valueRequired":true,"valueName":"search_term_string"}}],"inLanguage":"fr-FR"},{"@type":"Person","@id":"https:\/\/www.site-annonce.fr\/mag\/#\/schema\/person\/01e732b7ed3bbc5e79034114cea87087","name":"vincent vandegans","image":{"@type":"ImageObject","inLanguage":"fr-FR","@id":"https:\/\/secure.gravatar.com\/avatar\/b984800dabdf722d5e3f03f637c8932dea77d81118467d17ad2953e3b273ec66?s=96&d=mm&r=g","url":"https:\/\/secure.gravatar.com\/avatar\/b984800dabdf722d5e3f03f637c8932dea77d81118467d17ad2953e3b273ec66?s=96&d=mm&r=g","contentUrl":"https:\/\/secure.gravatar.com\/avatar\/b984800dabdf722d5e3f03f637c8932dea77d81118467d17ad2953e3b273ec66?s=96&d=mm&r=g","caption":"vincent vandegans"},"sameAs":["https:\/\/site-annonce.fr\/mag"],"url":"https:\/\/www.site-annonce.fr\/mag\/author\/vdgvince_vvb9v80m\/"}]}},"_links":{"self":[{"href":"https:\/\/www.site-annonce.fr\/mag\/wp-json\/wp\/v2\/posts\/16","targetHints":{"allow":["GET"]}}],"collection":[{"href":"https:\/\/www.site-annonce.fr\/mag\/wp-json\/wp\/v2\/posts"}],"about":[{"href":"https:\/\/www.site-annonce.fr\/mag\/wp-json\/wp\/v2\/types\/post"}],"author":[{"embeddable":true,"href":"https:\/\/www.site-annonce.fr\/mag\/wp-json\/wp\/v2\/users\/1"}],"replies":[{"embeddable":true,"href":"https:\/\/www.site-annonce.fr\/mag\/wp-json\/wp\/v2\/comments?post=16"}],"version-history":[{"count":0,"href":"https:\/\/www.site-annonce.fr\/mag\/wp-json\/wp\/v2\/posts\/16\/revisions"}],"wp:featuredmedia":[{"embeddable":true,"href":"https:\/\/www.site-annonce.fr\/mag\/wp-json\/wp\/v2\/media\/14"}],"wp:attachment":[{"href":"https:\/\/www.site-annonce.fr\/mag\/wp-json\/wp\/v2\/media?parent=16"}],"wp:term":[{"taxonomy":"category","embeddable":true,"href":"https:\/\/www.site-annonce.fr\/mag\/wp-json\/wp\/v2\/categories?post=16"},{"taxonomy":"post_tag","embeddable":true,"href":"https:\/\/www.site-annonce.fr\/mag\/wp-json\/wp\/v2\/tags?post=16"}],"curies":[{"name":"wp","href":"https:\/\/api.w.org\/{rel}","templated":true}]}}